{"id":5601,"date":"2023-07-04T14:20:42","date_gmt":"2023-07-04T17:20:42","guid":{"rendered":"https:\/\/fmtinkunaco.com.ar\/?p=5601"},"modified":"2023-07-04T14:20:42","modified_gmt":"2023-07-04T17:20:42","slug":"elecciones2023-entrevista-a-rodrigo-facundo-barrios-referente-de-encuentro-peronista","status":"publish","type":"post","link":"https:\/\/fmtinkunaco.ar\/?p=5601","title":{"rendered":"#Elecciones2023| Entrevista a Rodrigo Facundo Barrios, referente de Encuentro Peronista"},"content":{"rendered":"<p><strong>Rodrigo Facundo Barrios<\/strong>, referente de Encuentro Peronista de Jos\u00e9. C. Paz, visit\u00f3 el noticiero \u00abEncuentro con las Noticias\u00bb y charl\u00f3 sobre la baja de su candidatura a Intendente y la situaci\u00f3n actual de la educaci\u00f3n, el trabajo y la salud en el partido pace\u00f1o.<\/p>\n<p>Entrevista completa<br \/>\n<a href=\"https:\/\/archive.org\/details\/audio-rodrigo-barrios-encuentro-peronista\">Descargar<\/a><\/p>\n<audio class=\"wp-audio-shortcode\" id=\"audio-5601-2\" preload=\"none\" style=\"width: 100%;\" controls=\"controls\"><source type=\"audio\/mpeg\" src=\"https:\/\/archive.org\/download\/audio-rodrigo-barrios-encuentro-peronista\/AUDIO%20-%20RODRIGO%20BARRIOS%20%28ENCUENTRO%20PERONISTA%29.mp3?_=2\" \/><a href=\"https:\/\/archive.org\/download\/audio-rodrigo-barrios-encuentro-peronista\/AUDIO%20-%20RODRIGO%20BARRIOS%20%28ENCUENTRO%20PERONISTA%29.mp3\">https:\/\/archive.org\/download\/audio-rodrigo-barrios-encuentro-peronista\/AUDIO%20-%20RODRIGO%20BARRIOS%20%28ENCUENTRO%20PERONISTA%29.mp3<\/a><\/audio>\n<div class=\"powerpress_player\" id=\"powerpress_player_7100\"><audio class=\"wp-audio-shortcode\" id=\"audio-5601-1\" preload=\"none\" style=\"width: 100%;\" controls=\"controls\"><source type=\"audio\/mpeg\" src=\"https:\/\/archive.org\/download\/audio-rodrigo-barrios-encuentro-peronista\/AUDIO%20-%20RODRIGO%20BARRIOS%20%28ENCUENTRO%20PERONISTA%29.mp3?_=1\" \/><a href=\"https:\/\/archive.org\/download\/audio-rodrigo-barrios-encuentro-peronista\/AUDIO%20-%20RODRIGO%20BARRIOS%20%28ENCUENTRO%20PERONISTA%29.mp3\">https:\/\/archive.org\/download\/audio-rodrigo-barrios-encuentro-peronista\/AUDIO%20-%20RODRIGO%20BARRIOS%20%28ENCUENTRO%20PERONISTA%29.mp3<\/a><\/audio><\/div><p class=\"powerpress_links powerpress_links_mp3\" style=\"margin-bottom: 1px !important;\">Podcast: <a href=\"https:\/\/archive.org\/download\/audio-rodrigo-barrios-encuentro-peronista\/AUDIO%20-%20RODRIGO%20BARRIOS%20%28ENCUENTRO%20PERONISTA%29.mp3\" class=\"powerpress_link_pinw\" target=\"_blank\" title=\"Reproducir en una nueva ventana\" onclick=\"return powerpress_pinw('https:\/\/fmtinkunaco.ar\/?powerpress_pinw=5601-podcast');\" rel=\"nofollow\">Reproducir en una nueva ventana<\/a> | <a href=\"https:\/\/archive.org\/download\/audio-rodrigo-barrios-encuentro-peronista\/AUDIO%20-%20RODRIGO%20BARRIOS%20%28ENCUENTRO%20PERONISTA%29.mp3\" class=\"powerpress_link_d\" title=\"Descargar\" rel=\"nofollow\" download=\"AUDIO%20-%20RODRIGO%20BARRIOS%20%28ENCUENTRO%20PERONISTA%29.mp3\">Descargar<\/a><\/p>","protected":false},"excerpt":{"rendered":"<p>Rodrigo Facundo Barrios, referente de Encuentro Peronista de Jos\u00e9. C. Paz, visit\u00f3 el noticiero \u00abEncuentro con las Noticias\u00bb y charl\u00f3 sobre la baja de su candidatura a Intendente y la situaci\u00f3n actual de la educaci\u00f3n, el trabajo y la salud en el partido pace\u00f1o. Entrevista completa Descargar https:\/\/archive.org\/download\/audio-rodrigo-barrios-encuentro-peronista\/AUDIO%20-%20RODRIGO%20BARRIOS%20%28ENCUENTRO%20PERONISTA%29.mp3<\/p>\n","protected":false},"author":1,"featured_media":5603,"comment_status":"open","ping_status":"open","sticky":false,"template":"","format":"standard","meta":{"footnotes":""},"categories":[9],"tags":[],"class_list":["post-5601","post","type-post","status-publish","format-standard","has-post-thumbnail","hentry","category-sociedad"],"_links":{"self":[{"href":"https:\/\/fmtinkunaco.ar\/index.php?rest_route=\/wp\/v2\/posts\/5601","targetHints":{"allow":["GET"]}}],"collection":[{"href":"https:\/\/fmtinkunaco.ar\/index.php?rest_route=\/wp\/v2\/posts"}],"about":[{"href":"https:\/\/fmtinkunaco.ar\/index.php?rest_route=\/wp\/v2\/types\/post"}],"author":[{"embeddable":true,"href":"https:\/\/fmtinkunaco.ar\/index.php?rest_route=\/wp\/v2\/users\/1"}],"replies":[{"embeddable":true,"href":"https:\/\/fmtinkunaco.ar\/index.php?rest_route=%2Fwp%2Fv2%2Fcomments&post=5601"}],"version-history":[{"count":0,"href":"https:\/\/fmtinkunaco.ar\/index.php?rest_route=\/wp\/v2\/posts\/5601\/revisions"}],"wp:featuredmedia":[{"embeddable":true,"href":"https:\/\/fmtinkunaco.ar\/index.php?rest_route=\/"}],"wp:attachment":[{"href":"https:\/\/fmtinkunaco.ar\/index.php?rest_route=%2Fwp%2Fv2%2Fmedia&parent=5601"}],"wp:term":[{"taxonomy":"category","embeddable":true,"href":"https:\/\/fmtinkunaco.ar\/index.php?rest_route=%2Fwp%2Fv2%2Fcategories&post=5601"},{"taxonomy":"post_tag","embeddable":true,"href":"https:\/\/fmtinkunaco.ar\/index.php?rest_route=%2Fwp%2Fv2%2Ftags&post=5601"}],"curies":[{"name":"wp","href":"https:\/\/api.w.org\/{rel}","templated":true}]}}