{"id":5604,"date":"2023-07-05T14:13:05","date_gmt":"2023-07-05T17:13:05","guid":{"rendered":"https:\/\/fmtinkunaco.com.ar\/?p=5604"},"modified":"2023-07-05T14:13:05","modified_gmt":"2023-07-05T17:13:05","slug":"moreno-el-juicio-por-los-asesinatos-de-sandra-y-ruben-con-fecha-de-inicio","status":"publish","type":"post","link":"https:\/\/fmtinkunaco.ar\/?p=5604","title":{"rendered":"Moreno: El juicio por los asesinatos de Sandra y Rub\u00e9n con fecha de inicio"},"content":{"rendered":"<p>El pr\u00f3ximo 2 de agosto, se cumplen 5 a\u00f1os de los asesinatos de la docente Sandra Calamano y el Auxiliar Rub\u00e9n Rodr\u00edguez en la escuela 49 de Moreno.<\/p>\n<p>Sandra y Rub\u00e9n murieron el 2 de agosto del 2018, mientras preparaban el desayuno para sus alumnos y alumnas, a ra\u00edz de una explosi\u00f3n causada por una fuga de gas en las instalaciones de la escuela.<\/p>\n<p>A 5 a\u00f1os y luego de mucha lucha por parte de sus compa\u00f1eros y familiares, El Tribunal Oral N\u00b0 4 de Mercedes inform\u00f3 que el pr\u00f3ximo 28 de agosto se dar\u00e1 inicio al juicio Oral y P\u00fablico que determinara las responsabilidades en sus muertes.<\/p>\n<p>Hern\u00e1n Pustilnik, docente de la escuela 49 y compa\u00f1ero de trabajo de Sandra y Rub\u00e9n, remarc\u00f3 el significado de la noticia <em>\u201cLa verdad que para nosotros fue una luz en este largo camino de lucha, que se van a cumplir 5 a\u00f1os el mes que viene, el 2 de agosto. Lamentablemente tuvimos que esperar tantos a\u00f1os para que llegue esto\u201d.<\/em><\/p>\n<p>Pustilnik, adem\u00e1s, explic\u00f3 que esta semana realizaron un trenazo a Mercedes buscando respuestas concretas despu\u00e9s de tantos a\u00f1os de lucha y les respondieron que la causa hab\u00eda estado encajonada en Moreno, <em>\u201ccuando el lunes fuimos con el trenazo, ac\u00e1 de Moreno, organizaciones sociales, pol\u00edticas, sindicales, docentes del distrito, fuimos a Mercedes m\u00e1s de 1300 personas a pedir que nos atendieran las juezas, que nos atendieron la verdad de muy buena manera, pudimos entrar Mabel, la viuda de Rub\u00e9n y \u00a0Maxi, el viudo de Sandra, entre yo y entro Diego, el hermano de Rub\u00e9n, y ah\u00ed nos confirmaron que se iba a empezar el 28 de agosto con los debates del juicio oral y p\u00fablico por los asesinatos de Sandra y de Rub\u00e9n, as\u00ed que por suerte despu\u00e9s de tanto tiempo eso ya es un hecho. Y tambi\u00e9n nos dijeron que la causa estuvo dormida durante cuatro a\u00f1os en Moreno, no en la Fiscal\u00eda y eso es responsabilidad de la Fiscal\u00eda de Moreno, no sabemos en la figura de quien\u201d.<\/em><\/p>\n<p>Ser\u00e1n juzgadas las responsabilidades de <strong>Sebasti\u00e1n Nasif<\/strong>, quien al momento del hecho era el Interventor del Consejo Escolar de Moreno;\u00a0<strong>M\u00f3nica Berzoni<\/strong>, ex Presidenta del Consejo Escolar de Moreno;<strong>\u00a0Jorge Galian<\/strong>, ex consejero del \u00e1rea de Infraestructura, y\u00a0<strong>Cristian Ricobene,\u00a0<\/strong>gasista que trabaj\u00f3 en el establecimiento educativo el d\u00eda 1 de agosto.<\/p>\n<p>Finalmente, Hern\u00e1n Pustilnik, afirm\u00f3 <em>\u201cPor suerte ya se destrab\u00f3, van a empezar las audiencias de las cuales vamos a ver si podemos estar en todas presentes, y que sea justicia, ojala que podamos recibir esa justicia que tanto necesitamos, no solo la familia, los compa\u00f1eros de trabajo ac\u00e1 en la escuela, la comunidad educativa de la escuela 49 y de todo el distrito de Moreno que estamos esperando\u201d.<\/em><\/p>\n<p>El inicio del debate ser\u00e1 el 28 de agosto, y constara de 13 debates que se realizaran los lunes, mi\u00e9rcoles y viernes. Se estima que los debates terminen los \u00faltimos d\u00edas del mes de septiembre y luego se debe esperar la sentencia.<\/p>\n<p>Entrevista completa realizada en el noticiero Encuentro con las Noticias<\/p>\n<p><a href=\"https:\/\/archive.org\/details\/audio-hernan-pustilnik-05-07\">Descargar<\/a><\/p>\n<audio class=\"wp-audio-shortcode\" id=\"audio-5604-2\" preload=\"none\" style=\"width: 100%;\" controls=\"controls\"><source type=\"audio\/mpeg\" src=\"https:\/\/archive.org\/download\/audio-hernan-pustilnik-05-07\/AUDIO%20-%20HERNAN%20PUSTILNIK%2005%2007%20.mp3?_=2\" \/><a href=\"https:\/\/archive.org\/download\/audio-hernan-pustilnik-05-07\/AUDIO%20-%20HERNAN%20PUSTILNIK%2005%2007%20.mp3\">https:\/\/archive.org\/download\/audio-hernan-pustilnik-05-07\/AUDIO%20-%20HERNAN%20PUSTILNIK%2005%2007%20.mp3<\/a><\/audio>\n<div class=\"powerpress_player\" id=\"powerpress_player_4396\"><audio class=\"wp-audio-shortcode\" id=\"audio-5604-1\" preload=\"none\" style=\"width: 100%;\" controls=\"controls\"><source type=\"audio\/mpeg\" src=\"https:\/\/archive.org\/download\/audio-hernan-pustilnik-05-07\/AUDIO%20-%20HERNAN%20PUSTILNIK%2005%2007%20.mp3?_=1\" \/><a href=\"https:\/\/archive.org\/download\/audio-hernan-pustilnik-05-07\/AUDIO%20-%20HERNAN%20PUSTILNIK%2005%2007%20.mp3\">https:\/\/archive.org\/download\/audio-hernan-pustilnik-05-07\/AUDIO%20-%20HERNAN%20PUSTILNIK%2005%2007%20.mp3<\/a><\/audio><\/div><p class=\"powerpress_links powerpress_links_mp3\" style=\"margin-bottom: 1px !important;\">Podcast: <a href=\"https:\/\/archive.org\/download\/audio-hernan-pustilnik-05-07\/AUDIO%20-%20HERNAN%20PUSTILNIK%2005%2007%20.mp3\" class=\"powerpress_link_pinw\" target=\"_blank\" title=\"Reproducir en una nueva ventana\" onclick=\"return powerpress_pinw('https:\/\/fmtinkunaco.ar\/?powerpress_pinw=5604-podcast');\" rel=\"nofollow\">Reproducir en una nueva ventana<\/a> | <a href=\"https:\/\/archive.org\/download\/audio-hernan-pustilnik-05-07\/AUDIO%20-%20HERNAN%20PUSTILNIK%2005%2007%20.mp3\" class=\"powerpress_link_d\" title=\"Descargar\" rel=\"nofollow\" download=\"AUDIO%20-%20HERNAN%20PUSTILNIK%2005%2007%20.mp3\">Descargar<\/a><\/p>","protected":false},"excerpt":{"rendered":"<p>El pr\u00f3ximo 2 de agosto, se cumplen 5 a\u00f1os de los asesinatos de la docente Sandra Calamano y el Auxiliar Rub\u00e9n Rodr\u00edguez en la escuela 49 de Moreno. Sandra y Rub\u00e9n murieron el 2 de agosto del 2018, mientras preparaban el desayuno para sus alumnos y alumnas, a ra\u00edz de una explosi\u00f3n causada por una [&hellip;]<\/p>\n","protected":false},"author":1,"featured_media":5605,"comment_status":"open","ping_status":"open","sticky":false,"template":"","format":"standard","meta":{"footnotes":""},"categories":[5],"tags":[],"class_list":["post-5604","post","type-post","status-publish","format-standard","has-post-thumbnail","hentry","category-educacion"],"_links":{"self":[{"href":"https:\/\/fmtinkunaco.ar\/index.php?rest_route=\/wp\/v2\/posts\/5604","targetHints":{"allow":["GET"]}}],"collection":[{"href":"https:\/\/fmtinkunaco.ar\/index.php?rest_route=\/wp\/v2\/posts"}],"about":[{"href":"https:\/\/fmtinkunaco.ar\/index.php?rest_route=\/wp\/v2\/types\/post"}],"author":[{"embeddable":true,"href":"https:\/\/fmtinkunaco.ar\/index.php?rest_route=\/wp\/v2\/users\/1"}],"replies":[{"embeddable":true,"href":"https:\/\/fmtinkunaco.ar\/index.php?rest_route=%2Fwp%2Fv2%2Fcomments&post=5604"}],"version-history":[{"count":0,"href":"https:\/\/fmtinkunaco.ar\/index.php?rest_route=\/wp\/v2\/posts\/5604\/revisions"}],"wp:featuredmedia":[{"embeddable":true,"href":"https:\/\/fmtinkunaco.ar\/index.php?rest_route=\/"}],"wp:attachment":[{"href":"https:\/\/fmtinkunaco.ar\/index.php?rest_route=%2Fwp%2Fv2%2Fmedia&parent=5604"}],"wp:term":[{"taxonomy":"category","embeddable":true,"href":"https:\/\/fmtinkunaco.ar\/index.php?rest_route=%2Fwp%2Fv2%2Fcategories&post=5604"},{"taxonomy":"post_tag","embeddable":true,"href":"https:\/\/fmtinkunaco.ar\/index.php?rest_route=%2Fwp%2Fv2%2Ftags&post=5604"}],"curies":[{"name":"wp","href":"https:\/\/api.w.org\/{rel}","templated":true}]}}