{"id":5610,"date":"2023-07-05T15:26:55","date_gmt":"2023-07-05T18:26:55","guid":{"rendered":"https:\/\/fmtinkunaco.com.ar\/?p=5610"},"modified":"2023-07-05T15:26:55","modified_gmt":"2023-07-05T18:26:55","slug":"5610-2","status":"publish","type":"post","link":"https:\/\/fmtinkunaco.ar\/?p=5610","title":{"rendered":"Contin\u00faa el conflicto entre la Universidad de Moreno y el municipio de Mariel Fern\u00e1ndez"},"content":{"rendered":"<p>El pasado 30 de junio, la Municipalidad de Moreno ingres\u00f3 nuevamente<a href=\"https:\/\/fmtinkunaco.com.ar\/conflicto-entre-la-universidad-nacional-de-moreno-y-el-municipio-por-los-terrenos-de-la-escuela-politecnica\/\"> al predio en disputa por la titularidad<\/a>, y retom\u00f3 su obra con el ingreso de camiones y el movimiento de tierras y materiales.<\/p>\n<p>Durante el mes de mayo, la justicia puso <a href=\"https:\/\/fmtinkunaco.com.ar\/universidad-de-moreno-el-terreno-de-la-secundaria-politecnica-con-dos-recursos-de-amparos\/\">dos amparos sobre los terrenos<\/a>, impidiendo a las dos partes en conflicto que se hagan trabajos y obras sobre los mismos pero una semana previa al cierre de listas, los dos amparos dieron marcha atr\u00e1s.<\/p>\n<p>Claudio Fardelli, Director de la Escuela Secundaria Polit\u00e9cnica de la Universidad Nacional de Moreno, enumer\u00f3 las novedades en esta l\u00ednea <em>\u201cLa semana previa al cierre de las listas electorales ambos juzgados dieron marcha atr\u00e1s con su decisi\u00f3n de las cautelares, ambos con argumentos similares y casi con los mismos argumentos que nos hab\u00edan dado la cautelar, ahora la retiraron. Por eso es que el municipio volvi\u00f3 a ingresar al terreno y comenz\u00f3, nuevamente con los movimientos de escombros y tierra. La situaci\u00f3n por ahora es esa y para nosotros es compleja porque, obviamente, ya el municipio al no tener un impedimento para ingresar y hacer cosas en el terreno puede avanzar con sus obras o con lo que est\u00e9 pensando\u201d.<\/em><\/p>\n<p>Mientras estas dos cautelares dieron marcha atr\u00e1s, la causa por la titularidad de los terrenos se encuentra en la justicia.<\/p>\n<p>La Escuela Secundaria Polit\u00e9cnica de la Universidad Nacional de Moreno (ESPUNM) se encuentra exigi\u00e9ndole al Municipio de Mariel Fern\u00e1ndez que reconozca la titularidad de la Escuela de Altos Estudios sobre los terrenos destinados a la secundaria.<\/p>\n<p>Entrevista completa realizada en el noticiero Encuentro con las Noticias<\/p>\n<p><a href=\"https:\/\/archive.org\/details\/audio-claudio-fardelli-05-07-2023\">Descargar<\/a><\/p>\n<p>&nbsp;<\/p>\n<p>&nbsp;<\/p>\n","protected":false},"excerpt":{"rendered":"<p>El pasado 30 de junio, la Municipalidad de Moreno ingres\u00f3 nuevamente al predio en disputa por la titularidad, y retom\u00f3 su obra con el ingreso de camiones y el movimiento de tierras y materiales. Durante el mes de mayo, la justicia puso dos amparos sobre los terrenos, impidiendo a las dos partes en conflicto que [&hellip;]<\/p>\n","protected":false},"author":1,"featured_media":5611,"comment_status":"open","ping_status":"open","sticky":false,"template":"","format":"standard","meta":{"footnotes":""},"categories":[5],"tags":[],"class_list":["post-5610","post","type-post","status-publish","format-standard","has-post-thumbnail","hentry","category-educacion"],"_links":{"self":[{"href":"https:\/\/fmtinkunaco.ar\/index.php?rest_route=\/wp\/v2\/posts\/5610","targetHints":{"allow":["GET"]}}],"collection":[{"href":"https:\/\/fmtinkunaco.ar\/index.php?rest_route=\/wp\/v2\/posts"}],"about":[{"href":"https:\/\/fmtinkunaco.ar\/index.php?rest_route=\/wp\/v2\/types\/post"}],"author":[{"embeddable":true,"href":"https:\/\/fmtinkunaco.ar\/index.php?rest_route=\/wp\/v2\/users\/1"}],"replies":[{"embeddable":true,"href":"https:\/\/fmtinkunaco.ar\/index.php?rest_route=%2Fwp%2Fv2%2Fcomments&post=5610"}],"version-history":[{"count":0,"href":"https:\/\/fmtinkunaco.ar\/index.php?rest_route=\/wp\/v2\/posts\/5610\/revisions"}],"wp:featuredmedia":[{"embeddable":true,"href":"https:\/\/fmtinkunaco.ar\/index.php?rest_route=\/"}],"wp:attachment":[{"href":"https:\/\/fmtinkunaco.ar\/index.php?rest_route=%2Fwp%2Fv2%2Fmedia&parent=5610"}],"wp:term":[{"taxonomy":"category","embeddable":true,"href":"https:\/\/fmtinkunaco.ar\/index.php?rest_route=%2Fwp%2Fv2%2Fcategories&post=5610"},{"taxonomy":"post_tag","embeddable":true,"href":"https:\/\/fmtinkunaco.ar\/index.php?rest_route=%2Fwp%2Fv2%2Ftags&post=5610"}],"curies":[{"name":"wp","href":"https:\/\/api.w.org\/{rel}","templated":true}]}}