{"id":5622,"date":"2023-07-11T10:46:46","date_gmt":"2023-07-11T13:46:46","guid":{"rendered":"https:\/\/fmtinkunaco.com.ar\/?p=5622"},"modified":"2023-07-11T10:46:46","modified_gmt":"2023-07-11T13:46:46","slug":"el-encuentro-regional-de-mujeres-lesbianas-travestis-trans-intersex-y-no-binaries-se-realizara-el-9-de-septiembre","status":"publish","type":"post","link":"https:\/\/fmtinkunaco.ar\/?p=5622","title":{"rendered":"El Encuentro Regional de Mujeres, Lesbianas, Travestis, Trans, Intersex, y No Binaries se realizar\u00e1 el 9 de septiembre"},"content":{"rendered":"<p>El Encuentro Regional de Mujeres, Lesbianas, Travestis, Trans, Intersex, y No Binaries se realizar\u00e1 el pr\u00f3ximo 9 de septiembre y tendr\u00e1 como sede el <a href=\"https:\/\/fmtinkunaco.com.ar\/el-25-encuentro-regional-de-mujeres-lesbianas-bisexuales-travestis-trans-intersex-y-no-binaries-se-realizara-en-san-miguel\/\">Colegio Nacional de San Miguel<\/a>.<\/p>\n<p>Chavela Mi\u00f1o, referente de la comisi\u00f3n organizadora del Encuentro Regional, se refiri\u00f3 al pr\u00f3ximo encuentro \u201c<em>La organizaci\u00f3n viene con todas las fuerzas, con todas las fuerzas y tratando de mejorar en cada una de la reuniones de manera operativa todo lo que tiene que ver con lo organizativo; hay una multiplicidad de organizaciones que estamos interviniendo y se espera que sea del mayor alcance, donde todo el mundo pueda participar porque es un encuentro que ya viene con su historia, con 25 a\u00f1os y ah\u00ed estaremos, ya estamos medianamente ubic\u00e1ndonos en cada uno de los lugares de tarea que nos toquen para poder tener una jornada de fiesta, de intercambios, de alegr\u00eda y sobretodo de seguir reforzando los derechos\u201d.<\/em><\/p>\n<p>Adem\u00e1s, Mi\u00f1o, remarc\u00f3 la importancia de que el encuentro se realice en San Miguel <em>\u201cCreo que va a ser un hecho muy importante y para eso tenemos que apostar dentro de las comisiones organizativas y afuera, desde cada uno de los espacios que estamos participando reforzar, garantizar que podemos confluir todas en esa actividad para darle fuerza y visibilizarla\u201d.<\/em><\/p>\n<p>El 25 Encuentro Regional se realizar\u00e1 el 9 de septiembre en el Colegio Nacional de San Miguel, para m\u00e1s informaci\u00f3n podes ingresar a sus redes sociales.<\/p>\n<p>Entrevista completa realizada en el noticiero Encuentro con las Noticias<\/p>\n<p><a href=\"https:\/\/archive.org\/details\/audio-chavela-min-o-ermltt-11-07-2023\">Descargar<\/a><\/p>\n","protected":false},"excerpt":{"rendered":"<p>El Encuentro Regional de Mujeres, Lesbianas, Travestis, Trans, Intersex, y No Binaries se realizar\u00e1 el pr\u00f3ximo 9 de septiembre y tendr\u00e1 como sede el Colegio Nacional de San Miguel. Chavela Mi\u00f1o, referente de la comisi\u00f3n organizadora del Encuentro Regional, se refiri\u00f3 al pr\u00f3ximo encuentro \u201cLa organizaci\u00f3n viene con todas las fuerzas, con todas las fuerzas [&hellip;]<\/p>\n","protected":false},"author":1,"featured_media":5623,"comment_status":"open","ping_status":"open","sticky":false,"template":"","format":"standard","meta":{"footnotes":""},"categories":[6],"tags":[],"class_list":["post-5622","post","type-post","status-publish","format-standard","has-post-thumbnail","hentry","category-genero"],"_links":{"self":[{"href":"https:\/\/fmtinkunaco.ar\/index.php?rest_route=\/wp\/v2\/posts\/5622","targetHints":{"allow":["GET"]}}],"collection":[{"href":"https:\/\/fmtinkunaco.ar\/index.php?rest_route=\/wp\/v2\/posts"}],"about":[{"href":"https:\/\/fmtinkunaco.ar\/index.php?rest_route=\/wp\/v2\/types\/post"}],"author":[{"embeddable":true,"href":"https:\/\/fmtinkunaco.ar\/index.php?rest_route=\/wp\/v2\/users\/1"}],"replies":[{"embeddable":true,"href":"https:\/\/fmtinkunaco.ar\/index.php?rest_route=%2Fwp%2Fv2%2Fcomments&post=5622"}],"version-history":[{"count":0,"href":"https:\/\/fmtinkunaco.ar\/index.php?rest_route=\/wp\/v2\/posts\/5622\/revisions"}],"wp:featuredmedia":[{"embeddable":true,"href":"https:\/\/fmtinkunaco.ar\/index.php?rest_route=\/"}],"wp:attachment":[{"href":"https:\/\/fmtinkunaco.ar\/index.php?rest_route=%2Fwp%2Fv2%2Fmedia&parent=5622"}],"wp:term":[{"taxonomy":"category","embeddable":true,"href":"https:\/\/fmtinkunaco.ar\/index.php?rest_route=%2Fwp%2Fv2%2Fcategories&post=5622"},{"taxonomy":"post_tag","embeddable":true,"href":"https:\/\/fmtinkunaco.ar\/index.php?rest_route=%2Fwp%2Fv2%2Ftags&post=5622"}],"curies":[{"name":"wp","href":"https:\/\/api.w.org\/{rel}","templated":true}]}}