{"id":5629,"date":"2023-07-12T14:15:24","date_gmt":"2023-07-12T17:15:24","guid":{"rendered":"https:\/\/fmtinkunaco.com.ar\/?p=5629"},"modified":"2023-07-12T14:15:24","modified_gmt":"2023-07-12T17:15:24","slug":"el-patronato-de-la-infancia-cumple-131-anos-de-trabajo","status":"publish","type":"post","link":"https:\/\/fmtinkunaco.ar\/?p=5629","title":{"rendered":"El Patronato de la Infancia cumple 131 a\u00f1os de trabajo"},"content":{"rendered":"<p>El Patronato de la Infancia fue creado en 1892, con el objeto de brindar educaci\u00f3n, asistencia, asilo y amparo a los hijos de trabajadores e inmigrantes que deambulaban por las calles de Buenos Aires incorpor\u00e1ndolos a la comunidad Argentina.<\/p>\n<p>En la actualidad, la instituci\u00f3n lleva adelante programas de educaci\u00f3n, salud, nutrici\u00f3n y alimentaci\u00f3n.<\/p>\n<p>Guillermo Guti\u00e9rrez, Director Ejecutivo del Patronato de la Infancia, se refiri\u00f3 al trabajo hist\u00f3rico que realiza <em>\u201cEl Patronato siempre se enfoc\u00f3 en la ni\u00f1ez carenciada desde el d\u00eda uno, cuando empezaron a habilitar espacios para que los ni\u00f1os desamparados puedan dormir dentro de las instituciones nuestras. Fue transcurriendo los a\u00f1os y el tiempo, y ah\u00ed se trabaj\u00f3 desde casa cuna, desde ni\u00f1os que dorm\u00edan ac\u00e1 dentro, desde oficios, desde salud, alimentaci\u00f3n, hospedaje, un mont\u00f3n de cosas fueron sucediendo en estos 131 a\u00f1os, siempre enfocados en la ni\u00f1ez carenciada\u201d.<\/em><\/p>\n<p>Guti\u00e9rrez, adem\u00e1s, enumero los desaf\u00edos con los que se encuentran en el cotidiano <em>\u201cEn la diaria, se puede dividir en dos partes: la diaria de poder acompa\u00f1ar chicos, los chicos necesitan mucho apoyo, tambi\u00e9n las familias, pero principalmente nuestro foco est\u00e1 pensado en los chicos, con situaciones dif\u00edciles a nivel social y por supuesto a nosotros nos toca nuestra parte por lo tanto un gran desaf\u00edo es acompa\u00f1ar a esos chicos, tratamos de escuchar mucho las necesidades de los chicos, trabajar mucho en esa contenci\u00f3n, se est\u00e1 viviendo un presente muy dif\u00edcil y es un gran desaf\u00edo poder acompa\u00f1arlos. \u00a0Y despu\u00e9s, lamentablemente, recaemos siempre en la necesidad financiera propia de este tipo de organizaciones; siempre el gran desaf\u00edo es poder mantener la obra por 131 a\u00f1os m\u00e1s y ah\u00ed es donde siempre salimos a contar a la gente el gran trabajo que ha hecho esta entidad durante tantos a\u00f1os y buscando siempre la posibilidad de gente que se quiera acercar\u201d.<\/em><\/p>\n<p>Para colaborar podes ingresar <a href=\"https:\/\/donaronline.org\/patronato-de-la-infancia\/sumate-como-donante-del-patronato-de-la-infancia\">aqu\u00ed<\/a> y ayudar a que el Patronato pueda continuar con sus programas de ayuda y contenci\u00f3n.<\/p>\n<p>Entrevista completa realizada en el noticiero Encuentro con las Noticias<\/p>\n<p><a href=\"https:\/\/archive.org\/details\/audio-guillermo-gutierrez-patronato-de-la-infancia-12-07\">Descargar \u00a0<\/a><\/p>\n<audio class=\"wp-audio-shortcode\" id=\"audio-5629-2\" preload=\"none\" style=\"width: 100%;\" controls=\"controls\"><source type=\"audio\/mpeg\" src=\"https:\/\/archive.org\/download\/audio-guillermo-gutierrez-patronato-de-la-infancia-12-07\/AUDIO%20-%20GUILLERMO%20GUTIERREZ%20%28PATRONATO%20DE%20LA%20INFANCIA%29%2012%2007.mp3?_=2\" \/><a href=\"https:\/\/archive.org\/download\/audio-guillermo-gutierrez-patronato-de-la-infancia-12-07\/AUDIO%20-%20GUILLERMO%20GUTIERREZ%20%28PATRONATO%20DE%20LA%20INFANCIA%29%2012%2007.mp3\">https:\/\/archive.org\/download\/audio-guillermo-gutierrez-patronato-de-la-infancia-12-07\/AUDIO%20-%20GUILLERMO%20GUTIERREZ%20%28PATRONATO%20DE%20LA%20INFANCIA%29%2012%2007.mp3<\/a><\/audio>\n<div class=\"powerpress_player\" id=\"powerpress_player_5220\"><audio class=\"wp-audio-shortcode\" id=\"audio-5629-1\" preload=\"none\" style=\"width: 100%;\" controls=\"controls\"><source type=\"audio\/mpeg\" src=\"https:\/\/archive.org\/download\/audio-guillermo-gutierrez-patronato-de-la-infancia-12-07\/AUDIO%20-%20GUILLERMO%20GUTIERREZ%20%28PATRONATO%20DE%20LA%20INFANCIA%29%2012%2007.mp3?_=1\" \/><a href=\"https:\/\/archive.org\/download\/audio-guillermo-gutierrez-patronato-de-la-infancia-12-07\/AUDIO%20-%20GUILLERMO%20GUTIERREZ%20%28PATRONATO%20DE%20LA%20INFANCIA%29%2012%2007.mp3\">https:\/\/archive.org\/download\/audio-guillermo-gutierrez-patronato-de-la-infancia-12-07\/AUDIO%20-%20GUILLERMO%20GUTIERREZ%20%28PATRONATO%20DE%20LA%20INFANCIA%29%2012%2007.mp3<\/a><\/audio><\/div><p class=\"powerpress_links powerpress_links_mp3\" style=\"margin-bottom: 1px !important;\">Podcast: <a href=\"https:\/\/archive.org\/download\/audio-guillermo-gutierrez-patronato-de-la-infancia-12-07\/AUDIO%20-%20GUILLERMO%20GUTIERREZ%20%28PATRONATO%20DE%20LA%20INFANCIA%29%2012%2007.mp3\" class=\"powerpress_link_pinw\" target=\"_blank\" title=\"Reproducir en una nueva ventana\" onclick=\"return powerpress_pinw('https:\/\/fmtinkunaco.ar\/?powerpress_pinw=5629-podcast');\" rel=\"nofollow\">Reproducir en una nueva ventana<\/a> | <a href=\"https:\/\/archive.org\/download\/audio-guillermo-gutierrez-patronato-de-la-infancia-12-07\/AUDIO%20-%20GUILLERMO%20GUTIERREZ%20%28PATRONATO%20DE%20LA%20INFANCIA%29%2012%2007.mp3\" class=\"powerpress_link_d\" title=\"Descargar\" rel=\"nofollow\" download=\"AUDIO%20-%20GUILLERMO%20GUTIERREZ%20%28PATRONATO%20DE%20LA%20INFANCIA%29%2012%2007.mp3\">Descargar<\/a><\/p>","protected":false},"excerpt":{"rendered":"<p>El Patronato de la Infancia fue creado en 1892, con el objeto de brindar educaci\u00f3n, asistencia, asilo y amparo a los hijos de trabajadores e inmigrantes que deambulaban por las calles de Buenos Aires incorpor\u00e1ndolos a la comunidad Argentina. En la actualidad, la instituci\u00f3n lleva adelante programas de educaci\u00f3n, salud, nutrici\u00f3n y alimentaci\u00f3n. Guillermo Guti\u00e9rrez, [&hellip;]<\/p>\n","protected":false},"author":1,"featured_media":5630,"comment_status":"open","ping_status":"open","sticky":false,"template":"","format":"standard","meta":{"footnotes":""},"categories":[9],"tags":[],"class_list":["post-5629","post","type-post","status-publish","format-standard","has-post-thumbnail","hentry","category-sociedad"],"_links":{"self":[{"href":"https:\/\/fmtinkunaco.ar\/index.php?rest_route=\/wp\/v2\/posts\/5629","targetHints":{"allow":["GET"]}}],"collection":[{"href":"https:\/\/fmtinkunaco.ar\/index.php?rest_route=\/wp\/v2\/posts"}],"about":[{"href":"https:\/\/fmtinkunaco.ar\/index.php?rest_route=\/wp\/v2\/types\/post"}],"author":[{"embeddable":true,"href":"https:\/\/fmtinkunaco.ar\/index.php?rest_route=\/wp\/v2\/users\/1"}],"replies":[{"embeddable":true,"href":"https:\/\/fmtinkunaco.ar\/index.php?rest_route=%2Fwp%2Fv2%2Fcomments&post=5629"}],"version-history":[{"count":0,"href":"https:\/\/fmtinkunaco.ar\/index.php?rest_route=\/wp\/v2\/posts\/5629\/revisions"}],"wp:featuredmedia":[{"embeddable":true,"href":"https:\/\/fmtinkunaco.ar\/index.php?rest_route=\/"}],"wp:attachment":[{"href":"https:\/\/fmtinkunaco.ar\/index.php?rest_route=%2Fwp%2Fv2%2Fmedia&parent=5629"}],"wp:term":[{"taxonomy":"category","embeddable":true,"href":"https:\/\/fmtinkunaco.ar\/index.php?rest_route=%2Fwp%2Fv2%2Fcategories&post=5629"},{"taxonomy":"post_tag","embeddable":true,"href":"https:\/\/fmtinkunaco.ar\/index.php?rest_route=%2Fwp%2Fv2%2Ftags&post=5629"}],"curies":[{"name":"wp","href":"https:\/\/api.w.org\/{rel}","templated":true}]}}