{"id":5634,"date":"2023-07-17T14:59:43","date_gmt":"2023-07-17T17:59:43","guid":{"rendered":"https:\/\/fmtinkunaco.com.ar\/?p=5634"},"modified":"2023-07-17T14:59:43","modified_gmt":"2023-07-17T17:59:43","slug":"elecciones2023-entrevista-a-natalia-espasa-candidata-a-intendenta-por-el-mst-en-el-frente-de-izquierda-en-pilar","status":"publish","type":"post","link":"https:\/\/fmtinkunaco.ar\/?p=5634","title":{"rendered":"#Elecciones2023| Entrevista a Natalia Espasa, candidata a intendenta por el MST en el Frente de Izquierda en Pilar"},"content":{"rendered":"<p><strong>Natalia Espasa<\/strong>, candidata a Intendenta por el Movimiento Socialista de las y los Trabajadores en el Frente de Izquierda Unidad en el partido de Pilar, visit\u00f3 el noticiero \u201cEncuentro con las Noticias\u201d y charl\u00f3 sobre las propuestas del partido a nivel nacional y municipal, en lo que respecta a las principales problem\u00e1ticas que reconocen necesitan ser abordadas de manera urgente, la pobreza, educaci\u00f3n, salud y trabajo, entre otras.<\/p>\n<p>Entrevista completa<\/p>\n<p><a href=\"https:\/\/archive.org\/details\/audio-natalia-espasa-17-07-2023\">Descargar<\/a><\/p>\n<audio class=\"wp-audio-shortcode\" id=\"audio-5634-2\" preload=\"none\" style=\"width: 100%;\" controls=\"controls\"><source type=\"audio\/mpeg\" src=\"https:\/\/archive.org\/download\/audio-natalia-espasa-17-07-2023\/AUDIO%20-%20NATALIA%20ESPASA%2017%2007%202023.mp3?_=2\" \/><a href=\"https:\/\/archive.org\/download\/audio-natalia-espasa-17-07-2023\/AUDIO%20-%20NATALIA%20ESPASA%2017%2007%202023.mp3\">https:\/\/archive.org\/download\/audio-natalia-espasa-17-07-2023\/AUDIO%20-%20NATALIA%20ESPASA%2017%2007%202023.mp3<\/a><\/audio>\n<div class=\"powerpress_player\" id=\"powerpress_player_7930\"><audio class=\"wp-audio-shortcode\" id=\"audio-5634-1\" preload=\"none\" style=\"width: 100%;\" controls=\"controls\"><source type=\"audio\/mpeg\" src=\"https:\/\/archive.org\/download\/audio-natalia-espasa-17-07-2023\/AUDIO%20-%20NATALIA%20ESPASA%2017%2007%202023.mp3?_=1\" \/><a href=\"https:\/\/archive.org\/download\/audio-natalia-espasa-17-07-2023\/AUDIO%20-%20NATALIA%20ESPASA%2017%2007%202023.mp3\">https:\/\/archive.org\/download\/audio-natalia-espasa-17-07-2023\/AUDIO%20-%20NATALIA%20ESPASA%2017%2007%202023.mp3<\/a><\/audio><\/div><p class=\"powerpress_links powerpress_links_mp3\" style=\"margin-bottom: 1px !important;\">Podcast: <a href=\"https:\/\/archive.org\/download\/audio-natalia-espasa-17-07-2023\/AUDIO%20-%20NATALIA%20ESPASA%2017%2007%202023.mp3\" class=\"powerpress_link_pinw\" target=\"_blank\" title=\"Reproducir en una nueva ventana\" onclick=\"return powerpress_pinw('https:\/\/fmtinkunaco.ar\/?powerpress_pinw=5634-podcast');\" rel=\"nofollow\">Reproducir en una nueva ventana<\/a> | <a href=\"https:\/\/archive.org\/download\/audio-natalia-espasa-17-07-2023\/AUDIO%20-%20NATALIA%20ESPASA%2017%2007%202023.mp3\" class=\"powerpress_link_d\" title=\"Descargar\" rel=\"nofollow\" download=\"AUDIO%20-%20NATALIA%20ESPASA%2017%2007%202023.mp3\">Descargar<\/a><\/p>","protected":false},"excerpt":{"rendered":"<p>Natalia Espasa, candidata a Intendenta por el Movimiento Socialista de las y los Trabajadores en el Frente de Izquierda Unidad en el partido de Pilar, visit\u00f3 el noticiero \u201cEncuentro con las Noticias\u201d y charl\u00f3 sobre las propuestas del partido a nivel nacional y municipal, en lo que respecta a las principales problem\u00e1ticas que reconocen necesitan [&hellip;]<\/p>\n","protected":false},"author":1,"featured_media":5635,"comment_status":"open","ping_status":"open","sticky":false,"template":"","format":"standard","meta":{"footnotes":""},"categories":[9],"tags":[],"class_list":["post-5634","post","type-post","status-publish","format-standard","has-post-thumbnail","hentry","category-sociedad"],"_links":{"self":[{"href":"https:\/\/fmtinkunaco.ar\/index.php?rest_route=\/wp\/v2\/posts\/5634","targetHints":{"allow":["GET"]}}],"collection":[{"href":"https:\/\/fmtinkunaco.ar\/index.php?rest_route=\/wp\/v2\/posts"}],"about":[{"href":"https:\/\/fmtinkunaco.ar\/index.php?rest_route=\/wp\/v2\/types\/post"}],"author":[{"embeddable":true,"href":"https:\/\/fmtinkunaco.ar\/index.php?rest_route=\/wp\/v2\/users\/1"}],"replies":[{"embeddable":true,"href":"https:\/\/fmtinkunaco.ar\/index.php?rest_route=%2Fwp%2Fv2%2Fcomments&post=5634"}],"version-history":[{"count":0,"href":"https:\/\/fmtinkunaco.ar\/index.php?rest_route=\/wp\/v2\/posts\/5634\/revisions"}],"wp:featuredmedia":[{"embeddable":true,"href":"https:\/\/fmtinkunaco.ar\/index.php?rest_route=\/"}],"wp:attachment":[{"href":"https:\/\/fmtinkunaco.ar\/index.php?rest_route=%2Fwp%2Fv2%2Fmedia&parent=5634"}],"wp:term":[{"taxonomy":"category","embeddable":true,"href":"https:\/\/fmtinkunaco.ar\/index.php?rest_route=%2Fwp%2Fv2%2Fcategories&post=5634"},{"taxonomy":"post_tag","embeddable":true,"href":"https:\/\/fmtinkunaco.ar\/index.php?rest_route=%2Fwp%2Fv2%2Ftags&post=5634"}],"curies":[{"name":"wp","href":"https:\/\/api.w.org\/{rel}","templated":true}]}}