{"id":5648,"date":"2023-07-21T13:12:17","date_gmt":"2023-07-21T16:12:17","guid":{"rendered":"https:\/\/fmtinkunaco.com.ar\/?p=5648"},"modified":"2023-07-21T13:12:17","modified_gmt":"2023-07-21T16:12:17","slug":"censo-argentino-de-terapia-ocupacional","status":"publish","type":"post","link":"https:\/\/fmtinkunaco.ar\/?p=5648","title":{"rendered":"Censo argentino de Terapia Ocupacional"},"content":{"rendered":"<p>La Red Argentina de Terapia Ocupacional (RENATO) lanz\u00f3 el primer censo argentino de terapia ocupacional con el objetivo de saber cu\u00e1ntos son, d\u00f3nde est\u00e1n y las condiciones y caracter\u00edsticas del ejercicio profesional.<\/p>\n<p>Andrea Albino, Presidenta de la Asociaci\u00f3n Argentina de Terapistas Ocupacionales, se refiri\u00f3 al censo <em>\u201cHace varios a\u00f1os que venimos trabajando en la idea de censar cu\u00e1ntes terapistas ocupacionales somos en el pa\u00eds, la Red Nacional de Terapia Ocupacional est\u00e1 conformada por colegios profesionales, asociaciones, agrupaciones de terapia ocupacional en aquellas provincias que no hay asociaciones y las asociaci\u00f3n argentina de terapistas ocupacionales, ahora tiene adem\u00e1s ocho filiales en provincias donde no se pod\u00eda conformar la asociaci\u00f3n. (\u2026) As\u00ed que en toda la Red venimos dando vueltas para saber cu\u00e1ntos somos en general\u201d.<\/em><\/p>\n<p>Albino, adem\u00e1s, explic\u00f3 <em>\u201cNecesitamos por un lado saber cu\u00e1ntos somos porque cualquier acci\u00f3n que hagamos las asociaciones necesitamos saber a cu\u00e1ntos estamos representando y porque adem\u00e1s cuando se hace una pol\u00edtica p\u00fablica, cuando necesitamos trabajar derechos laborales saber cu\u00e1ntos somos nos ayuda a dimensionar cu\u00e1ntas personas se est\u00e1n beneficiando por eso y no solo nosotros como terapistas si no quienes se van a beneficiar, hasta donde podemos responder a la comunidad por nuestros servicios.<\/em><br \/>\n<em> Y por otro lado, necesitamos saber qu\u00e9 estamos haciendo porque en los \u00faltimos a\u00f1os la terapia ocupacional se fue insertando en un mont\u00f3n de lugares que no eran los de sus or\u00edgenes y es muy amplio el campo laboral actual de la terapia ocupacional\u201d.<\/em><\/p>\n<p>Finalmente, Andrea Albino remarco <em>\u201cNos va a permitir tener un panorama mucho m\u00e1s amplio de qui\u00e9nes somos, d\u00f3nde estamos y qu\u00e9 estamos haciendo\u201d.<\/em><\/p>\n<p>El censo se lanz\u00f3 el 9 de julio y hay tiempo de <a href=\"https:\/\/forms.gle\/USiDbX8LJicYo2RN7\">participar<\/a> hasta el 15 de agosto de 2023.<\/p>\n<p>Entrevista completa realizada en el noticiero Encuentro con las Noticias<\/p>\n<p><a href=\"https:\/\/archive.org\/details\/audio-andrea-albino-21-07\">Descargar<\/a><\/p>\n<audio class=\"wp-audio-shortcode\" id=\"audio-5648-2\" preload=\"none\" style=\"width: 100%;\" controls=\"controls\"><source type=\"audio\/mpeg\" src=\"https:\/\/archive.org\/download\/audio-andrea-albino-21-07\/AUDIO%20-%20ANDREA%20ALBINO%2021%2007%20.mp3?_=2\" \/><a href=\"https:\/\/archive.org\/download\/audio-andrea-albino-21-07\/AUDIO%20-%20ANDREA%20ALBINO%2021%2007%20.mp3\">https:\/\/archive.org\/download\/audio-andrea-albino-21-07\/AUDIO%20-%20ANDREA%20ALBINO%2021%2007%20.mp3<\/a><\/audio>\n<div class=\"powerpress_player\" id=\"powerpress_player_8474\"><audio class=\"wp-audio-shortcode\" id=\"audio-5648-1\" preload=\"none\" style=\"width: 100%;\" controls=\"controls\"><source type=\"audio\/mpeg\" src=\"https:\/\/archive.org\/download\/audio-andrea-albino-21-07\/AUDIO%20-%20ANDREA%20ALBINO%2021%2007%20.mp3?_=1\" \/><a href=\"https:\/\/archive.org\/download\/audio-andrea-albino-21-07\/AUDIO%20-%20ANDREA%20ALBINO%2021%2007%20.mp3\">https:\/\/archive.org\/download\/audio-andrea-albino-21-07\/AUDIO%20-%20ANDREA%20ALBINO%2021%2007%20.mp3<\/a><\/audio><\/div><p class=\"powerpress_links powerpress_links_mp3\" style=\"margin-bottom: 1px !important;\">Podcast: <a href=\"https:\/\/archive.org\/download\/audio-andrea-albino-21-07\/AUDIO%20-%20ANDREA%20ALBINO%2021%2007%20.mp3\" class=\"powerpress_link_pinw\" target=\"_blank\" title=\"Reproducir en una nueva ventana\" onclick=\"return powerpress_pinw('https:\/\/fmtinkunaco.ar\/?powerpress_pinw=5648-podcast');\" rel=\"nofollow\">Reproducir en una nueva ventana<\/a> | <a href=\"https:\/\/archive.org\/download\/audio-andrea-albino-21-07\/AUDIO%20-%20ANDREA%20ALBINO%2021%2007%20.mp3\" class=\"powerpress_link_d\" title=\"Descargar\" rel=\"nofollow\" download=\"AUDIO%20-%20ANDREA%20ALBINO%2021%2007%20.mp3\">Descargar<\/a><\/p>","protected":false},"excerpt":{"rendered":"<p>La Red Argentina de Terapia Ocupacional (RENATO) lanz\u00f3 el primer censo argentino de terapia ocupacional con el objetivo de saber cu\u00e1ntos son, d\u00f3nde est\u00e1n y las condiciones y caracter\u00edsticas del ejercicio profesional. Andrea Albino, Presidenta de la Asociaci\u00f3n Argentina de Terapistas Ocupacionales, se refiri\u00f3 al censo \u201cHace varios a\u00f1os que venimos trabajando en la idea [&hellip;]<\/p>\n","protected":false},"author":1,"featured_media":5649,"comment_status":"open","ping_status":"open","sticky":false,"template":"","format":"standard","meta":{"footnotes":""},"categories":[9],"tags":[],"class_list":["post-5648","post","type-post","status-publish","format-standard","has-post-thumbnail","hentry","category-sociedad"],"_links":{"self":[{"href":"https:\/\/fmtinkunaco.ar\/index.php?rest_route=\/wp\/v2\/posts\/5648","targetHints":{"allow":["GET"]}}],"collection":[{"href":"https:\/\/fmtinkunaco.ar\/index.php?rest_route=\/wp\/v2\/posts"}],"about":[{"href":"https:\/\/fmtinkunaco.ar\/index.php?rest_route=\/wp\/v2\/types\/post"}],"author":[{"embeddable":true,"href":"https:\/\/fmtinkunaco.ar\/index.php?rest_route=\/wp\/v2\/users\/1"}],"replies":[{"embeddable":true,"href":"https:\/\/fmtinkunaco.ar\/index.php?rest_route=%2Fwp%2Fv2%2Fcomments&post=5648"}],"version-history":[{"count":0,"href":"https:\/\/fmtinkunaco.ar\/index.php?rest_route=\/wp\/v2\/posts\/5648\/revisions"}],"wp:featuredmedia":[{"embeddable":true,"href":"https:\/\/fmtinkunaco.ar\/index.php?rest_route=\/"}],"wp:attachment":[{"href":"https:\/\/fmtinkunaco.ar\/index.php?rest_route=%2Fwp%2Fv2%2Fmedia&parent=5648"}],"wp:term":[{"taxonomy":"category","embeddable":true,"href":"https:\/\/fmtinkunaco.ar\/index.php?rest_route=%2Fwp%2Fv2%2Fcategories&post=5648"},{"taxonomy":"post_tag","embeddable":true,"href":"https:\/\/fmtinkunaco.ar\/index.php?rest_route=%2Fwp%2Fv2%2Ftags&post=5648"}],"curies":[{"name":"wp","href":"https:\/\/api.w.org\/{rel}","templated":true}]}}