{"id":5651,"date":"2023-07-25T10:38:37","date_gmt":"2023-07-25T13:38:37","guid":{"rendered":"https:\/\/fmtinkunaco.com.ar\/?p=5651"},"modified":"2023-07-25T10:38:37","modified_gmt":"2023-07-25T13:38:37","slug":"cicop-acepto-la-propuesta-salarial-de-la-provincia","status":"publish","type":"post","link":"https:\/\/fmtinkunaco.ar\/?p=5651","title":{"rendered":"CICOP acept\u00f3 la propuesta salarial de la provincia"},"content":{"rendered":"<p>La provincia de Buenos Aires ofreci\u00f3 un aumento salarial del 45% en dos tramos, al personal de la salud bonaerense, con cl\u00e1usula de monitoreo y revisi\u00f3n en septiembre y reapertura de las negociaciones en octubre. Esto dejar\u00eda el\u00a0aumento acumulado hasta septiembre de 2023 de un 85%.<\/p>\n<p>Silvana Scali, Vicepresidenta de la Asociaci\u00f3n Sindical de Profesionales de la Salud de la provincia de Buenos Aires, se refiri\u00f3 a este acuerdo <em>\u201cLa realidad es que no est\u00e1 habiendo paritarias que alcancen estos n\u00fameros, la verdad que ha sido una buena oferta salarial, nosotros as\u00ed la hemos evaluado; obviamente hay un camino por recorrer todav\u00eda para jerarquizas los salarios de las y los profesionales de la salud pero nosotros creemos que estamos en un buen camino, incluso estamos trabajando con otras cuestiones que hacen al salario. (\u2026) Pero creemos que esto nos da un colch\u00f3n, bienvenido, en un a\u00f1o muy dif\u00edcil altos niveles inflacionarios\u201d.<\/em><\/p>\n<p>Adem\u00e1s, Scali, explic\u00f3 <em>\u201cHay una revisi\u00f3n en septiembre por esta cl\u00e1usula de monitoreo, nos sentaremos a negociar en funci\u00f3n de los \u00edndices inflacionarios y luego una reapertura de paritarias en el mes de octubre, obviamente todo esto est\u00e1 atado como lo estuvo atado en sus momento el acuerdo que llegamos en marzo a los \u00edndices inflacionarios\u201d.<\/em><\/p>\n<p>La propuesta se acept\u00f3 en el marco de un Congreso Extraordinario de CICOP, que cont\u00f3 con cerca de 100 delegadxs congresales de m\u00e1s de 45 seccionales.<\/p>\n<p>Entrevista completa realizada en el noticiero Encuentro con las Noticias<\/p>\n<p><a href=\"https:\/\/archive.org\/details\/audio-silvana-scali-cicop-25-07\">Descargar<\/a><\/p>\n<audio class=\"wp-audio-shortcode\" id=\"audio-5651-2\" preload=\"none\" style=\"width: 100%;\" controls=\"controls\"><source type=\"audio\/mpeg\" src=\"https:\/\/archive.org\/download\/audio-silvana-scali-cicop-25-07\/AUDIO%20-%20SILVANA%20SCALI%20%28CICOP%29%2025%2007%20.mp3?_=2\" \/><a href=\"https:\/\/archive.org\/download\/audio-silvana-scali-cicop-25-07\/AUDIO%20-%20SILVANA%20SCALI%20%28CICOP%29%2025%2007%20.mp3\">https:\/\/archive.org\/download\/audio-silvana-scali-cicop-25-07\/AUDIO%20-%20SILVANA%20SCALI%20%28CICOP%29%2025%2007%20.mp3<\/a><\/audio>\n<div class=\"powerpress_player\" id=\"powerpress_player_4237\"><audio class=\"wp-audio-shortcode\" id=\"audio-5651-1\" preload=\"none\" style=\"width: 100%;\" controls=\"controls\"><source type=\"audio\/mpeg\" src=\"https:\/\/archive.org\/download\/audio-silvana-scali-cicop-25-07\/AUDIO%20-%20SILVANA%20SCALI%20%28CICOP%29%2025%2007%20.mp3?_=1\" \/><a href=\"https:\/\/archive.org\/download\/audio-silvana-scali-cicop-25-07\/AUDIO%20-%20SILVANA%20SCALI%20%28CICOP%29%2025%2007%20.mp3\">https:\/\/archive.org\/download\/audio-silvana-scali-cicop-25-07\/AUDIO%20-%20SILVANA%20SCALI%20%28CICOP%29%2025%2007%20.mp3<\/a><\/audio><\/div><p class=\"powerpress_links powerpress_links_mp3\" style=\"margin-bottom: 1px !important;\">Podcast: <a href=\"https:\/\/archive.org\/download\/audio-silvana-scali-cicop-25-07\/AUDIO%20-%20SILVANA%20SCALI%20%28CICOP%29%2025%2007%20.mp3\" class=\"powerpress_link_pinw\" target=\"_blank\" title=\"Reproducir en una nueva ventana\" onclick=\"return powerpress_pinw('https:\/\/fmtinkunaco.ar\/?powerpress_pinw=5651-podcast');\" rel=\"nofollow\">Reproducir en una nueva ventana<\/a> | <a href=\"https:\/\/archive.org\/download\/audio-silvana-scali-cicop-25-07\/AUDIO%20-%20SILVANA%20SCALI%20%28CICOP%29%2025%2007%20.mp3\" class=\"powerpress_link_d\" title=\"Descargar\" rel=\"nofollow\" download=\"AUDIO%20-%20SILVANA%20SCALI%20%28CICOP%29%2025%2007%20.mp3\">Descargar<\/a><\/p>","protected":false},"excerpt":{"rendered":"<p>La provincia de Buenos Aires ofreci\u00f3 un aumento salarial del 45% en dos tramos, al personal de la salud bonaerense, con cl\u00e1usula de monitoreo y revisi\u00f3n en septiembre y reapertura de las negociaciones en octubre. Esto dejar\u00eda el\u00a0aumento acumulado hasta septiembre de 2023 de un 85%. Silvana Scali, Vicepresidenta de la Asociaci\u00f3n Sindical de Profesionales [&hellip;]<\/p>\n","protected":false},"author":1,"featured_media":5652,"comment_status":"open","ping_status":"open","sticky":false,"template":"","format":"standard","meta":{"footnotes":""},"categories":[7],"tags":[],"class_list":["post-5651","post","type-post","status-publish","format-standard","has-post-thumbnail","hentry","category-salud"],"_links":{"self":[{"href":"https:\/\/fmtinkunaco.ar\/index.php?rest_route=\/wp\/v2\/posts\/5651","targetHints":{"allow":["GET"]}}],"collection":[{"href":"https:\/\/fmtinkunaco.ar\/index.php?rest_route=\/wp\/v2\/posts"}],"about":[{"href":"https:\/\/fmtinkunaco.ar\/index.php?rest_route=\/wp\/v2\/types\/post"}],"author":[{"embeddable":true,"href":"https:\/\/fmtinkunaco.ar\/index.php?rest_route=\/wp\/v2\/users\/1"}],"replies":[{"embeddable":true,"href":"https:\/\/fmtinkunaco.ar\/index.php?rest_route=%2Fwp%2Fv2%2Fcomments&post=5651"}],"version-history":[{"count":0,"href":"https:\/\/fmtinkunaco.ar\/index.php?rest_route=\/wp\/v2\/posts\/5651\/revisions"}],"wp:featuredmedia":[{"embeddable":true,"href":"https:\/\/fmtinkunaco.ar\/index.php?rest_route=\/"}],"wp:attachment":[{"href":"https:\/\/fmtinkunaco.ar\/index.php?rest_route=%2Fwp%2Fv2%2Fmedia&parent=5651"}],"wp:term":[{"taxonomy":"category","embeddable":true,"href":"https:\/\/fmtinkunaco.ar\/index.php?rest_route=%2Fwp%2Fv2%2Fcategories&post=5651"},{"taxonomy":"post_tag","embeddable":true,"href":"https:\/\/fmtinkunaco.ar\/index.php?rest_route=%2Fwp%2Fv2%2Ftags&post=5651"}],"curies":[{"name":"wp","href":"https:\/\/api.w.org\/{rel}","templated":true}]}}