{"id":5655,"date":"2023-07-25T11:43:12","date_gmt":"2023-07-25T14:43:12","guid":{"rendered":"https:\/\/fmtinkunaco.com.ar\/?p=5655"},"modified":"2023-07-25T11:43:12","modified_gmt":"2023-07-25T14:43:12","slug":"jornada-en-defensa-de-las-familias-agricultoras-de-parada-el-gallo","status":"publish","type":"post","link":"https:\/\/fmtinkunaco.ar\/?p=5655","title":{"rendered":"Jornada en Defensa de las Familias Agricultoras de Parada El Gallo"},"content":{"rendered":"<p>Seis familias que se dedican a la agricultura en Parada El Gallo, partido de Pilar, son amenazadas con ser desalojadas de las tierras que trabajan por una disputa legal sobre la legitimidad de su ocupaci\u00f3n.<\/p>\n<p>Felicidad Ibarra, integra una de las familias en riesgo de ser desalojadas, y explic\u00f3 la situaci\u00f3n \u201cNosotros los agricultores estamos hace m\u00e1s de 20 a\u00f1os trabajando en estas tierras, le alquil\u00e1bamos a un se\u00f1or llamado Osvaldo L\u00f3pez que en la pandemia falleci\u00f3; nosotros ten\u00edamos un contrato pero se venci\u00f3 hace un a\u00f1o y entre medio de eso apareci\u00f3 un se\u00f1or que se llama Gustavo Dellacha que dice ser el due\u00f1o, que nos acusa a nosotros de haber roto una cerca y entrar a su campo y usurparlo pero no es as\u00ed, nosotros ya est\u00e1bamos de antes\u201d.<\/p>\n<p>Las familias explican que Dellacha se present\u00f3 por primera vez en el a\u00f1o 2018 adjudic\u00e1ndose las hect\u00e1reas mientras L\u00f3pez a\u00fan se encontraba vivo y lo resolvieron present\u00e1ndose en la Fiscal\u00eda. Luego del fallecimiento del due\u00f1o que les alquilaba, Dellacha volvi\u00f3 a aparecer.<\/p>\n<p>Manuel, esposo de Felicidad, actualmente se encuentra imputado por usurpaci\u00f3n sin citar a la hermana de Osvaldo L\u00f3pez que inicio hace un tiempo la sucesi\u00f3n como la leg\u00edtima heredera de las tierras en cuesti\u00f3n.<\/p>\n<p>Felicidad Ibarra, adem\u00e1s remarc\u00f3 que parte de la familias de L\u00f3pez le permitieron que sigan trabajando las tierras \u201cLa concubina y su hijo de crianza, hablamos, nos vinieron a ver y nos dijeron est\u00e9n tranquilos, pueden plantar no m\u00e1s y que estaban hablando con la hermana para la sucesi\u00f3n para que ella ceda el campo. Pero ustedes pueden plantar, pueden sembrar tranquilos, los conocemos\u201d.<\/p>\n<p>La Fiscal\u00eda 4 de Pilar y el Fiscal Gonzalo Ag\u00fcero son quienes interfieren en la causa y quienes hasta el momento reconocen la autenticidad de la escritura presentada por Dellacha, sin citar a la familia de Gustavo L\u00f3pez.<\/p>\n<p>En este marco y en defensa de las familias agricultoras de Parada El Gallo se realizar\u00e1 ma\u00f1ana una jornada donde habr\u00e1 actividades para todas las edades, cosecha de alimentos frescos cultivados localmente, intercambio de semillas y charlas sobre la situaci\u00f3n socioambiental de la zona. La invitaci\u00f3n en El Payador 119 desde las 9hs.<\/p>\n<p>Entrevista completa realizada en el noticiero Encuentro con las Noticias<\/p>\n<p><a href=\"https:\/\/archive.org\/details\/audio-felicidad-ibarra-parada-el-gallo-25-07\">Descargar<br \/>\n<\/a><br \/>\n<audio class=\"wp-audio-shortcode\" id=\"audio-5655-2\" preload=\"none\" style=\"width: 100%;\" controls=\"controls\"><source type=\"audio\/mpeg\" src=\"https:\/\/archive.org\/download\/audio-felicidad-ibarra-parada-el-gallo-25-07\/AUDIO%20-%20FELICIDAD%20IBARRA%20%28PARADA%20EL%20GALLO%29%2025%2007%20.mp3?_=2\" \/><a href=\"https:\/\/archive.org\/download\/audio-felicidad-ibarra-parada-el-gallo-25-07\/AUDIO%20-%20FELICIDAD%20IBARRA%20%28PARADA%20EL%20GALLO%29%2025%2007%20.mp3\">https:\/\/archive.org\/download\/audio-felicidad-ibarra-parada-el-gallo-25-07\/AUDIO%20-%20FELICIDAD%20IBARRA%20%28PARADA%20EL%20GALLO%29%2025%2007%20.mp3<\/a><\/audio><\/p>\n<div class=\"powerpress_player\" id=\"powerpress_player_1882\"><audio class=\"wp-audio-shortcode\" id=\"audio-5655-1\" preload=\"none\" style=\"width: 100%;\" controls=\"controls\"><source type=\"audio\/mpeg\" src=\"https:\/\/archive.org\/download\/audio-felicidad-ibarra-parada-el-gallo-25-07\/AUDIO%20-%20FELICIDAD%20IBARRA%20%28PARADA%20EL%20GALLO%29%2025%2007%20.mp3?_=1\" \/><a href=\"https:\/\/archive.org\/download\/audio-felicidad-ibarra-parada-el-gallo-25-07\/AUDIO%20-%20FELICIDAD%20IBARRA%20%28PARADA%20EL%20GALLO%29%2025%2007%20.mp3\">https:\/\/archive.org\/download\/audio-felicidad-ibarra-parada-el-gallo-25-07\/AUDIO%20-%20FELICIDAD%20IBARRA%20%28PARADA%20EL%20GALLO%29%2025%2007%20.mp3<\/a><\/audio><\/div><p class=\"powerpress_links powerpress_links_mp3\" style=\"margin-bottom: 1px !important;\">Podcast: <a href=\"https:\/\/archive.org\/download\/audio-felicidad-ibarra-parada-el-gallo-25-07\/AUDIO%20-%20FELICIDAD%20IBARRA%20%28PARADA%20EL%20GALLO%29%2025%2007%20.mp3\" class=\"powerpress_link_pinw\" target=\"_blank\" title=\"Reproducir en una nueva ventana\" onclick=\"return powerpress_pinw('https:\/\/fmtinkunaco.ar\/?powerpress_pinw=5655-podcast');\" rel=\"nofollow\">Reproducir en una nueva ventana<\/a> | <a href=\"https:\/\/archive.org\/download\/audio-felicidad-ibarra-parada-el-gallo-25-07\/AUDIO%20-%20FELICIDAD%20IBARRA%20%28PARADA%20EL%20GALLO%29%2025%2007%20.mp3\" class=\"powerpress_link_d\" title=\"Descargar\" rel=\"nofollow\" download=\"AUDIO%20-%20FELICIDAD%20IBARRA%20%28PARADA%20EL%20GALLO%29%2025%2007%20.mp3\">Descargar<\/a><\/p>","protected":false},"excerpt":{"rendered":"<p>Seis familias que se dedican a la agricultura en Parada El Gallo, partido de Pilar, son amenazadas con ser desalojadas de las tierras que trabajan por una disputa legal sobre la legitimidad de su ocupaci\u00f3n. Felicidad Ibarra, integra una de las familias en riesgo de ser desalojadas, y explic\u00f3 la situaci\u00f3n \u201cNosotros los agricultores estamos [&hellip;]<\/p>\n","protected":false},"author":1,"featured_media":5656,"comment_status":"open","ping_status":"open","sticky":false,"template":"","format":"standard","meta":{"footnotes":""},"categories":[2],"tags":[],"class_list":["post-5655","post","type-post","status-publish","format-standard","has-post-thumbnail","hentry","category-ambiente"],"_links":{"self":[{"href":"https:\/\/fmtinkunaco.ar\/index.php?rest_route=\/wp\/v2\/posts\/5655","targetHints":{"allow":["GET"]}}],"collection":[{"href":"https:\/\/fmtinkunaco.ar\/index.php?rest_route=\/wp\/v2\/posts"}],"about":[{"href":"https:\/\/fmtinkunaco.ar\/index.php?rest_route=\/wp\/v2\/types\/post"}],"author":[{"embeddable":true,"href":"https:\/\/fmtinkunaco.ar\/index.php?rest_route=\/wp\/v2\/users\/1"}],"replies":[{"embeddable":true,"href":"https:\/\/fmtinkunaco.ar\/index.php?rest_route=%2Fwp%2Fv2%2Fcomments&post=5655"}],"version-history":[{"count":0,"href":"https:\/\/fmtinkunaco.ar\/index.php?rest_route=\/wp\/v2\/posts\/5655\/revisions"}],"wp:featuredmedia":[{"embeddable":true,"href":"https:\/\/fmtinkunaco.ar\/index.php?rest_route=\/"}],"wp:attachment":[{"href":"https:\/\/fmtinkunaco.ar\/index.php?rest_route=%2Fwp%2Fv2%2Fmedia&parent=5655"}],"wp:term":[{"taxonomy":"category","embeddable":true,"href":"https:\/\/fmtinkunaco.ar\/index.php?rest_route=%2Fwp%2Fv2%2Fcategories&post=5655"},{"taxonomy":"post_tag","embeddable":true,"href":"https:\/\/fmtinkunaco.ar\/index.php?rest_route=%2Fwp%2Fv2%2Ftags&post=5655"}],"curies":[{"name":"wp","href":"https:\/\/api.w.org\/{rel}","templated":true}]}}