{"id":5668,"date":"2023-08-02T11:39:39","date_gmt":"2023-08-02T14:39:39","guid":{"rendered":"https:\/\/fmtinkunaco.com.ar\/?p=5668"},"modified":"2023-08-02T11:39:39","modified_gmt":"2023-08-02T14:39:39","slug":"campana-solidaria-por-bairon","status":"publish","type":"post","link":"https:\/\/fmtinkunaco.ar\/?p=5668","title":{"rendered":"Campa\u00f1a Solidaria por Bairon"},"content":{"rendered":"<p>Bairon es un beb\u00e9 de un a\u00f1o y\u00a0tres meses, actualmente internado en el Hospital de Ni\u00f1os de San Justo por problemas respiratorios que se ven complicados por patolog\u00edas previas a partir de su S\u00edndrome de Down.<\/p>\n<p>Su familia debi\u00f3 mudarse de donde resid\u00edan en Padua por las condiciones y la humedad del lugar y actualmente, el IDUAR (Instituto de Desarrollo Urbano, Ambiental y Regional) de Moreno les cedi\u00f3 un terreno con una casilla pero por las condiciones de salud de Bairon, el necesita una casa libre de humedad y polvillo.<\/p>\n<p>En este marco, su mam\u00e1 D\u00e9bora Caballero y su pap\u00e1 Gabriel Hern\u00e1ndez, piden ayuda para la construcci\u00f3n de un lugar que les permita el alta de Bairon.<\/p>\n<p>Gabriel Hern\u00e1ndez, pap\u00e1 de Bairon, relat\u00f3 la situaci\u00f3n de su hijo <em>\u201cUna noche nos levantamos lo vimos muy agitadito, decidimos llevarlo al hospital, ah\u00ed nos dijeron que ten\u00eda neumon\u00eda y que lo iban a dejar internado, esto fue en el Hospital de Merlo y ah\u00ed quedo internado y pesco dos virus estando internado ah\u00ed y lo tuvieron que trasladar de urgencia hasta el hospital de ni\u00f1os de San Justo. Hace 36 d\u00edas que estamos ac\u00e1, hace cuatro d\u00edas lo pasaron a sala, lo sacaron de terapia intensiva pero le hicieron una traqueotom\u00eda y con eso los m\u00e9dicos nos dijeron que para darle el alta tiene que tener la casa en condiciones, no tiene que haber humedad, tiene que ser un lugar templado porque con el tema de la traqueo junta mucho moquito\u201d.<\/em><\/p>\n<p>Hern\u00e1ndez, adem\u00e1s, remarc\u00f3 <em>\u201cAhora estamos esperando que nos manden los insumos para que a \u00e9l le den de alta pero le van a dar la internaci\u00f3n domiciliaria, con todos los cuidados que tiene ac\u00e1 en el hospital, tiene que estar en la casa\u201d.<\/em><\/p>\n<p>Finalmente, Gabriel Hern\u00e1ndez, se refiri\u00f3 a la construcci\u00f3n de un nuevo hogar <em>\u201cA nosotros nos dieron un terreno en el barrio 1\u00b0 de marzo (Cuartel V) y lo que quer\u00edamos era, si alguien me escucha, que nos puedan ayudar; nosotros quer\u00edamos comprar una vivienda prefabricada pero nos piden mucha plata de anticipo, y muchas cuotas, yo no tengo drama en pagar, yo lo que quiero es que si hay alguien que haga esas viviendas no de facilidades de pago, no digo que me regalen ni mucho menos pero no tengo un sueldo digno pero si me dan facilidades de pago, nosotros lo pagamos\u201d.<\/em><\/p>\n<p>Para ponerse en contacto con la familia de Bairon, el n\u00famero de contacto es 11 3471-1657 (Gabriel).<\/p>\n<p>Entrevista completa realizada en el noticiero Encuentro con las Noticias<\/p>\n<p><a href=\"https:\/\/archive.org\/details\/audio-gabriel-hernandez-papa-de-bairon-02-08\">Descargar<\/a><\/p>\n<audio class=\"wp-audio-shortcode\" id=\"audio-5668-2\" preload=\"none\" style=\"width: 100%;\" controls=\"controls\"><source type=\"audio\/mpeg\" src=\"https:\/\/archive.org\/download\/audio-gabriel-hernandez-papa-de-bairon-02-08\/AUDIO%20-%20GABRIEL%20HERNANDEZ%20%28PAPA%20DE%20BAIRON%29%2002%2008.mp3?_=2\" \/><a href=\"https:\/\/archive.org\/download\/audio-gabriel-hernandez-papa-de-bairon-02-08\/AUDIO%20-%20GABRIEL%20HERNANDEZ%20%28PAPA%20DE%20BAIRON%29%2002%2008.mp3\">https:\/\/archive.org\/download\/audio-gabriel-hernandez-papa-de-bairon-02-08\/AUDIO%20-%20GABRIEL%20HERNANDEZ%20%28PAPA%20DE%20BAIRON%29%2002%2008.mp3<\/a><\/audio>\n<div class=\"powerpress_player\" id=\"powerpress_player_633\"><audio class=\"wp-audio-shortcode\" id=\"audio-5668-1\" preload=\"none\" style=\"width: 100%;\" controls=\"controls\"><source type=\"audio\/mpeg\" src=\"https:\/\/archive.org\/download\/audio-gabriel-hernandez-papa-de-bairon-02-08\/AUDIO%20-%20GABRIEL%20HERNANDEZ%20%28PAPA%20DE%20BAIRON%29%2002%2008.mp3?_=1\" \/><a href=\"https:\/\/archive.org\/download\/audio-gabriel-hernandez-papa-de-bairon-02-08\/AUDIO%20-%20GABRIEL%20HERNANDEZ%20%28PAPA%20DE%20BAIRON%29%2002%2008.mp3\">https:\/\/archive.org\/download\/audio-gabriel-hernandez-papa-de-bairon-02-08\/AUDIO%20-%20GABRIEL%20HERNANDEZ%20%28PAPA%20DE%20BAIRON%29%2002%2008.mp3<\/a><\/audio><\/div><p class=\"powerpress_links powerpress_links_mp3\" style=\"margin-bottom: 1px !important;\">Podcast: <a href=\"https:\/\/archive.org\/download\/audio-gabriel-hernandez-papa-de-bairon-02-08\/AUDIO%20-%20GABRIEL%20HERNANDEZ%20%28PAPA%20DE%20BAIRON%29%2002%2008.mp3\" class=\"powerpress_link_pinw\" target=\"_blank\" title=\"Reproducir en una nueva ventana\" onclick=\"return powerpress_pinw('https:\/\/fmtinkunaco.ar\/?powerpress_pinw=5668-podcast');\" rel=\"nofollow\">Reproducir en una nueva ventana<\/a> | <a href=\"https:\/\/archive.org\/download\/audio-gabriel-hernandez-papa-de-bairon-02-08\/AUDIO%20-%20GABRIEL%20HERNANDEZ%20%28PAPA%20DE%20BAIRON%29%2002%2008.mp3\" class=\"powerpress_link_d\" title=\"Descargar\" rel=\"nofollow\" download=\"AUDIO%20-%20GABRIEL%20HERNANDEZ%20%28PAPA%20DE%20BAIRON%29%2002%2008.mp3\">Descargar<\/a><\/p>","protected":false},"excerpt":{"rendered":"<p>Bairon es un beb\u00e9 de un a\u00f1o y\u00a0tres meses, actualmente internado en el Hospital de Ni\u00f1os de San Justo por problemas respiratorios que se ven complicados por patolog\u00edas previas a partir de su S\u00edndrome de Down. Su familia debi\u00f3 mudarse de donde resid\u00edan en Padua por las condiciones y la humedad del lugar y actualmente, [&hellip;]<\/p>\n","protected":false},"author":1,"featured_media":5669,"comment_status":"open","ping_status":"open","sticky":false,"template":"","format":"standard","meta":{"footnotes":""},"categories":[9],"tags":[],"class_list":["post-5668","post","type-post","status-publish","format-standard","has-post-thumbnail","hentry","category-sociedad"],"_links":{"self":[{"href":"https:\/\/fmtinkunaco.ar\/index.php?rest_route=\/wp\/v2\/posts\/5668","targetHints":{"allow":["GET"]}}],"collection":[{"href":"https:\/\/fmtinkunaco.ar\/index.php?rest_route=\/wp\/v2\/posts"}],"about":[{"href":"https:\/\/fmtinkunaco.ar\/index.php?rest_route=\/wp\/v2\/types\/post"}],"author":[{"embeddable":true,"href":"https:\/\/fmtinkunaco.ar\/index.php?rest_route=\/wp\/v2\/users\/1"}],"replies":[{"embeddable":true,"href":"https:\/\/fmtinkunaco.ar\/index.php?rest_route=%2Fwp%2Fv2%2Fcomments&post=5668"}],"version-history":[{"count":0,"href":"https:\/\/fmtinkunaco.ar\/index.php?rest_route=\/wp\/v2\/posts\/5668\/revisions"}],"wp:featuredmedia":[{"embeddable":true,"href":"https:\/\/fmtinkunaco.ar\/index.php?rest_route=\/"}],"wp:attachment":[{"href":"https:\/\/fmtinkunaco.ar\/index.php?rest_route=%2Fwp%2Fv2%2Fmedia&parent=5668"}],"wp:term":[{"taxonomy":"category","embeddable":true,"href":"https:\/\/fmtinkunaco.ar\/index.php?rest_route=%2Fwp%2Fv2%2Fcategories&post=5668"},{"taxonomy":"post_tag","embeddable":true,"href":"https:\/\/fmtinkunaco.ar\/index.php?rest_route=%2Fwp%2Fv2%2Ftags&post=5668"}],"curies":[{"name":"wp","href":"https:\/\/api.w.org\/{rel}","templated":true}]}}