{"id":5679,"date":"2023-08-10T11:48:08","date_gmt":"2023-08-10T14:48:08","guid":{"rendered":"https:\/\/fmtinkunaco.com.ar\/?p=5679"},"modified":"2023-08-10T11:48:08","modified_gmt":"2023-08-10T14:48:08","slug":"carolina-abregu-referente-de-la-lucha-feminista-denuncia-una-causa-armada-en-su-contra","status":"publish","type":"post","link":"https:\/\/fmtinkunaco.ar\/?p=5679","title":{"rendered":"Carolina Abreg\u00fa, referente de la lucha feminista, denuncia una causa armada en su contra"},"content":{"rendered":"<p>Carolina Abreg\u00fa, es militante feminista de la regi\u00f3n y referente de la organizaci\u00f3n Furia Transfeminista, la cual acompa\u00f1a activamente las b\u00fasquedas de paradero y las denuncias por violencia de g\u00e9nero, entre otras cuestiones. En el marco de esta militancia se acerc\u00f3 en el mes de abril a acompa\u00f1ar a la familia de A, en el pedido de justicia que estaban realizando frente a la comisaria de barrio Frino; hoy se encuentra imputada por este acompa\u00f1amiento.<\/p>\n<p>Carolina Abreg\u00fa, describi\u00f3 la imputaci\u00f3n <em>\u201cEl s\u00e1bado pasado, aproximadamente siendo las 18hs, en mi domicilio se presentaron tres patrulleros en modo operativo con una citaci\u00f3n que ten\u00eda fecha del d\u00eda lunes 7 de agosto a las 10.30hs en el Juzgado Federal y Correccional N\u00b0 3 de San Mart\u00edn a cargo del Juez Culotta, en donde me citaron, el d\u00eda lunes me presente, me comparec\u00ed y me indagaron en el marco de una denuncia realizada por la Comisaria 2 de Frino a cargo de en ese momento, no se s\u00ed actualmente sigue estando el mismo comisario, de apellido Guzm\u00e1n\u201d.<\/em><\/p>\n<p>Ella es imputada por el corte de ruta y v\u00edas que se realiz\u00f3 en el mes de abril, en el marco del Caso de A; acci\u00f3n que inclusive fue convocada por familiares y amigos de la menor.<\/p>\n<p>Abreg\u00fa explica que la \u00fanica imputada por ese corte de ruta y v\u00edas es ella <em>\u201cIncluso la causa dice que hab\u00eda m\u00e1s de 60 personas pero como hab\u00eda una persona que era tan nombrada que tanto el comisario como el efectivo de la federal que se present\u00f3 en el corte, como el Jefe de Calle de la comisaria de Frino, sent\u00edan mi nombre y pusieron mi nombre atribuy\u00e9ndome la convocatoria, el corte y todo lo que se hizo ese d\u00eda ah\u00ed\u201d.<\/em><\/p>\n<p>Finalmente, Carolina Abreg\u00fa, remarc\u00f3 <em>\u201cHoy tenemos que encontrarnos con que quienes acompa\u00f1amos a familias vulnerables, no soy la \u00fanica ni voy a ser la \u00fanica lamentablemente, que terminamos con causas armadas b\u00e1sicamente donde se me atribuye un hecho que no realice, b\u00e1sicamente siempre como organizaci\u00f3n acompa\u00f1amos. (\u2026) La causa sigue en marcha, me imputaron, as\u00ed que bueno, la justicia tendr\u00e1 que probar que yo agarre una cubierta, que yo prend\u00ed fuego y todo lo dem\u00e1s\u201d.<\/em><\/p>\n<p>La justicia le design\u00f3 un defensor oficial a Abreg\u00fa y se encuentra a la espera del avance de la causa.<\/p>\n<p>Entrevista completa realizada en el noticiero Encuentro con las Noticias<\/p>\n<p><a href=\"https:\/\/archive.org\/details\/audio-carolina-abregu-10-08-2023\">Descargar<\/a><\/p>\n<audio class=\"wp-audio-shortcode\" id=\"audio-5679-2\" preload=\"none\" style=\"width: 100%;\" controls=\"controls\"><source type=\"audio\/mpeg\" src=\"https:\/\/archive.org\/download\/audio-carolina-abregu-10-08-2023\/AUDIO%20-%20CAROLINA%20ABREGU%2010%2008%202023.mp3?_=2\" \/><a href=\"https:\/\/archive.org\/download\/audio-carolina-abregu-10-08-2023\/AUDIO%20-%20CAROLINA%20ABREGU%2010%2008%202023.mp3\">https:\/\/archive.org\/download\/audio-carolina-abregu-10-08-2023\/AUDIO%20-%20CAROLINA%20ABREGU%2010%2008%202023.mp3<\/a><\/audio>\n<div class=\"powerpress_player\" id=\"powerpress_player_8747\"><audio class=\"wp-audio-shortcode\" id=\"audio-5679-1\" preload=\"none\" style=\"width: 100%;\" controls=\"controls\"><source type=\"audio\/mpeg\" src=\"https:\/\/archive.org\/download\/audio-carolina-abregu-10-08-2023\/AUDIO%20-%20CAROLINA%20ABREGU%2010%2008%202023.mp3?_=1\" \/><a href=\"https:\/\/archive.org\/download\/audio-carolina-abregu-10-08-2023\/AUDIO%20-%20CAROLINA%20ABREGU%2010%2008%202023.mp3\">https:\/\/archive.org\/download\/audio-carolina-abregu-10-08-2023\/AUDIO%20-%20CAROLINA%20ABREGU%2010%2008%202023.mp3<\/a><\/audio><\/div><p class=\"powerpress_links powerpress_links_mp3\" style=\"margin-bottom: 1px !important;\">Podcast: <a href=\"https:\/\/archive.org\/download\/audio-carolina-abregu-10-08-2023\/AUDIO%20-%20CAROLINA%20ABREGU%2010%2008%202023.mp3\" class=\"powerpress_link_pinw\" target=\"_blank\" title=\"Reproducir en una nueva ventana\" onclick=\"return powerpress_pinw('https:\/\/fmtinkunaco.ar\/?powerpress_pinw=5679-podcast');\" rel=\"nofollow\">Reproducir en una nueva ventana<\/a> | <a href=\"https:\/\/archive.org\/download\/audio-carolina-abregu-10-08-2023\/AUDIO%20-%20CAROLINA%20ABREGU%2010%2008%202023.mp3\" class=\"powerpress_link_d\" title=\"Descargar\" rel=\"nofollow\" download=\"AUDIO%20-%20CAROLINA%20ABREGU%2010%2008%202023.mp3\">Descargar<\/a><\/p>","protected":false},"excerpt":{"rendered":"<p>Carolina Abreg\u00fa, es militante feminista de la regi\u00f3n y referente de la organizaci\u00f3n Furia Transfeminista, la cual acompa\u00f1a activamente las b\u00fasquedas de paradero y las denuncias por violencia de g\u00e9nero, entre otras cuestiones. En el marco de esta militancia se acerc\u00f3 en el mes de abril a acompa\u00f1ar a la familia de A, en el [&hellip;]<\/p>\n","protected":false},"author":1,"featured_media":5680,"comment_status":"open","ping_status":"open","sticky":false,"template":"","format":"standard","meta":{"footnotes":""},"categories":[6],"tags":[],"class_list":["post-5679","post","type-post","status-publish","format-standard","has-post-thumbnail","hentry","category-genero"],"_links":{"self":[{"href":"https:\/\/fmtinkunaco.ar\/index.php?rest_route=\/wp\/v2\/posts\/5679","targetHints":{"allow":["GET"]}}],"collection":[{"href":"https:\/\/fmtinkunaco.ar\/index.php?rest_route=\/wp\/v2\/posts"}],"about":[{"href":"https:\/\/fmtinkunaco.ar\/index.php?rest_route=\/wp\/v2\/types\/post"}],"author":[{"embeddable":true,"href":"https:\/\/fmtinkunaco.ar\/index.php?rest_route=\/wp\/v2\/users\/1"}],"replies":[{"embeddable":true,"href":"https:\/\/fmtinkunaco.ar\/index.php?rest_route=%2Fwp%2Fv2%2Fcomments&post=5679"}],"version-history":[{"count":0,"href":"https:\/\/fmtinkunaco.ar\/index.php?rest_route=\/wp\/v2\/posts\/5679\/revisions"}],"wp:featuredmedia":[{"embeddable":true,"href":"https:\/\/fmtinkunaco.ar\/index.php?rest_route=\/"}],"wp:attachment":[{"href":"https:\/\/fmtinkunaco.ar\/index.php?rest_route=%2Fwp%2Fv2%2Fmedia&parent=5679"}],"wp:term":[{"taxonomy":"category","embeddable":true,"href":"https:\/\/fmtinkunaco.ar\/index.php?rest_route=%2Fwp%2Fv2%2Fcategories&post=5679"},{"taxonomy":"post_tag","embeddable":true,"href":"https:\/\/fmtinkunaco.ar\/index.php?rest_route=%2Fwp%2Fv2%2Ftags&post=5679"}],"curies":[{"name":"wp","href":"https:\/\/api.w.org\/{rel}","templated":true}]}}