{"id":5682,"date":"2023-08-10T15:27:46","date_gmt":"2023-08-10T18:27:46","guid":{"rendered":"https:\/\/fmtinkunaco.com.ar\/?p=5682"},"modified":"2023-08-10T15:27:46","modified_gmt":"2023-08-10T18:27:46","slug":"el-grupo-solidario-nutriendo-el-alma-se-prepara-para-el-dia-de-la-ninez","status":"publish","type":"post","link":"https:\/\/fmtinkunaco.ar\/?p=5682","title":{"rendered":"El grupo solidario Nutriendo el Alma se prepara para el D\u00eda de la Ni\u00f1ez"},"content":{"rendered":"<p>El Grupo Solidario Nutriendo el Alma se prepara para la celebraci\u00f3n del D\u00eda de la Ni\u00f1ez y pide colaboraci\u00f3n para poder realizar el festejo en diferentes comedores de Moreno.<\/p>\n<p>Jorge Conti, Director del Grupo Solidario Nutriendo el Alma, describi\u00f3 el trabajo que vienen realizando hace 5 a\u00f1os <em>\u201cNutriendo el alma es un grupo solidario de la localidad de Moreno que el mes pasado cumpli\u00f3 5 a\u00f1os de vida o sea que ya tenemos una larga trayectoria solidaria en la zona oeste. (\u2026) Arrancamos en 2018 un 25 de julio y lo primero que hicimos fue un d\u00eda del ni\u00f1o, as\u00ed que armamos un festejo para esos chicos, a partir de ah\u00ed empezamos a ver c\u00f3mo pod\u00edamos hacer para darle de comer a los chicos. Fuimos a ver a las cocineras, les preguntamos las recetas, sacamos las cuentas de cuantos insumos se necesitaban para cocinar todos los d\u00edas y empezamos a comprometer gente\u201d.<\/em><\/p>\n<p>Conti, adem\u00e1s, hizo referencia a la cantidad a que actualmente colaboran en 4 comedores de Moreno<em> \u201cEn este momento estamos entregando comida porque no van a comer m\u00e1s a los comedores si no que van a buscar la vianda todos los d\u00edas para 1050 personas, en 4 comedores de Moreno. No solo ni\u00f1os porque desde que vino la pandemia y se cre\u00f3 esta modalidad tambi\u00e9n hizo que se incorpore gente grande\u201d.<\/em><\/p>\n<p>Finalmente, Jorge Conti, cont\u00f3 que se encuentra en la b\u00fasqueda de padrinos y madrinas para las infancias <em>\u201cEmpezamos buscando 2500 padrinos all\u00e1 por marzo que pusieran $888 pesos para que pudi\u00e9ramos festejar en 5 lugares la mega fiesta del d\u00eda del ni\u00f1o, en un momento nos dimos cuenta que la econom\u00eda argentina est\u00e1 para atr\u00e1s y que no \u00edbamos a llegar a todo lo que quer\u00edamos hacer y que 2500 padrinos iba a ser imposible al ritmo que ven\u00edamos juntando y salimos de vuelta achicar presupuesto. (\u2026) y hoy faltando 10 d\u00edas estamos al 85%, ya no sabemos m\u00e1s a quien pedirle que haga un aporte de $888\u201d.<\/em><\/p>\n<p>Para colaborar o sumarse a la organizaci\u00f3n se pueden comunicar al 1162978888 (Jorge) o sumarse a las redes sociales, Nutriendo el Alma.<\/p>\n<p>Entrevista completa realizada en el noticiero Encuentro con las Noticias<\/p>\n<p><a href=\"https:\/\/archive.org\/details\/audio-jorge-conti-10-08\">Descargar<\/a><\/p>\n<audio class=\"wp-audio-shortcode\" id=\"audio-5682-2\" preload=\"none\" style=\"width: 100%;\" controls=\"controls\"><source type=\"audio\/mpeg\" src=\"https:\/\/archive.org\/download\/audio-jorge-conti-10-08\/AUDIO%20-%20JORGE%20CONTI%2010%2008%20.mp3?_=2\" \/><a href=\"https:\/\/archive.org\/download\/audio-jorge-conti-10-08\/AUDIO%20-%20JORGE%20CONTI%2010%2008%20.mp3\">https:\/\/archive.org\/download\/audio-jorge-conti-10-08\/AUDIO%20-%20JORGE%20CONTI%2010%2008%20.mp3<\/a><\/audio>\n<p>&nbsp;<\/p>\n<div class=\"powerpress_player\" id=\"powerpress_player_5773\"><audio class=\"wp-audio-shortcode\" id=\"audio-5682-1\" preload=\"none\" style=\"width: 100%;\" controls=\"controls\"><source type=\"audio\/mpeg\" src=\"https:\/\/archive.org\/download\/audio-jorge-conti-10-08\/AUDIO%20-%20JORGE%20CONTI%2010%2008%20.mp3?_=1\" \/><a href=\"https:\/\/archive.org\/download\/audio-jorge-conti-10-08\/AUDIO%20-%20JORGE%20CONTI%2010%2008%20.mp3\">https:\/\/archive.org\/download\/audio-jorge-conti-10-08\/AUDIO%20-%20JORGE%20CONTI%2010%2008%20.mp3<\/a><\/audio><\/div><p class=\"powerpress_links powerpress_links_mp3\" style=\"margin-bottom: 1px !important;\">Podcast: <a href=\"https:\/\/archive.org\/download\/audio-jorge-conti-10-08\/AUDIO%20-%20JORGE%20CONTI%2010%2008%20.mp3\" class=\"powerpress_link_pinw\" target=\"_blank\" title=\"Reproducir en una nueva ventana\" onclick=\"return powerpress_pinw('https:\/\/fmtinkunaco.ar\/?powerpress_pinw=5682-podcast');\" rel=\"nofollow\">Reproducir en una nueva ventana<\/a> | <a href=\"https:\/\/archive.org\/download\/audio-jorge-conti-10-08\/AUDIO%20-%20JORGE%20CONTI%2010%2008%20.mp3\" class=\"powerpress_link_d\" title=\"Descargar\" rel=\"nofollow\" download=\"AUDIO%20-%20JORGE%20CONTI%2010%2008%20.mp3\">Descargar<\/a><\/p>","protected":false},"excerpt":{"rendered":"<p>El Grupo Solidario Nutriendo el Alma se prepara para la celebraci\u00f3n del D\u00eda de la Ni\u00f1ez y pide colaboraci\u00f3n para poder realizar el festejo en diferentes comedores de Moreno. Jorge Conti, Director del Grupo Solidario Nutriendo el Alma, describi\u00f3 el trabajo que vienen realizando hace 5 a\u00f1os \u201cNutriendo el alma es un grupo solidario de [&hellip;]<\/p>\n","protected":false},"author":1,"featured_media":5683,"comment_status":"open","ping_status":"open","sticky":false,"template":"","format":"standard","meta":{"footnotes":""},"categories":[9],"tags":[],"class_list":["post-5682","post","type-post","status-publish","format-standard","has-post-thumbnail","hentry","category-sociedad"],"_links":{"self":[{"href":"https:\/\/fmtinkunaco.ar\/index.php?rest_route=\/wp\/v2\/posts\/5682","targetHints":{"allow":["GET"]}}],"collection":[{"href":"https:\/\/fmtinkunaco.ar\/index.php?rest_route=\/wp\/v2\/posts"}],"about":[{"href":"https:\/\/fmtinkunaco.ar\/index.php?rest_route=\/wp\/v2\/types\/post"}],"author":[{"embeddable":true,"href":"https:\/\/fmtinkunaco.ar\/index.php?rest_route=\/wp\/v2\/users\/1"}],"replies":[{"embeddable":true,"href":"https:\/\/fmtinkunaco.ar\/index.php?rest_route=%2Fwp%2Fv2%2Fcomments&post=5682"}],"version-history":[{"count":0,"href":"https:\/\/fmtinkunaco.ar\/index.php?rest_route=\/wp\/v2\/posts\/5682\/revisions"}],"wp:featuredmedia":[{"embeddable":true,"href":"https:\/\/fmtinkunaco.ar\/index.php?rest_route=\/"}],"wp:attachment":[{"href":"https:\/\/fmtinkunaco.ar\/index.php?rest_route=%2Fwp%2Fv2%2Fmedia&parent=5682"}],"wp:term":[{"taxonomy":"category","embeddable":true,"href":"https:\/\/fmtinkunaco.ar\/index.php?rest_route=%2Fwp%2Fv2%2Fcategories&post=5682"},{"taxonomy":"post_tag","embeddable":true,"href":"https:\/\/fmtinkunaco.ar\/index.php?rest_route=%2Fwp%2Fv2%2Ftags&post=5682"}],"curies":[{"name":"wp","href":"https:\/\/api.w.org\/{rel}","templated":true}]}}