{"id":5685,"date":"2023-08-11T12:11:27","date_gmt":"2023-08-11T15:11:27","guid":{"rendered":"https:\/\/fmtinkunaco.com.ar\/?p=5685"},"modified":"2023-08-11T12:11:27","modified_gmt":"2023-08-11T15:11:27","slug":"la-diplomatura-en-generos-politicas-y-participacion-junto-con-la-colectiva-conurbanas-transfeministas-invitan-a-la-jornada-mesirve","status":"publish","type":"post","link":"https:\/\/fmtinkunaco.ar\/?p=5685","title":{"rendered":"La Diplomatura en G\u00e9neros, pol\u00edticas y participaci\u00f3n, junto con la Colectiva Conurbanas Transfeministas invitan a la Jornada mESIrve"},"content":{"rendered":"<p>La Diplomatura en G\u00e9neros pol\u00edticas y participaci\u00f3n de la Universidad Nacional de General Sarmiento (UNGS) junto con la Colectiva Conurbanas Transfeministas invita a la Jornada mESIrve el pr\u00f3ximo lunes 14 de agosto.<\/p>\n<p>Desde la voz de sus protagonistas se presentar\u00e1n experiencias y recursos para el abordaje de la Educaci\u00f3n Sexual Integral.<\/p>\n<p>Florencia Gavio, integrante de la organizaci\u00f3n de la jornada, se refiri\u00f3 a la propuesta <em>\u201cPensamos esta jornada como una propuesta bien practica de idea ideas para poder llevar a cabo las instituciones, escuelas, centros educativos, como ideas para abordar la ESI. (\u2026) Lo pensamos como en dos momentos, primero una feria con algunos stands, que van a haber algunos emprendimientos o experiencias tambi\u00e9n sobre, por ejemplo, ESI y discapacidad; ESI y literatura, ESI y educaci\u00f3n popular, como para hacer un recorrido por ah\u00ed y despu\u00e9s el panel empieza a las seis de la tarde donde va a haber tres experiencias, una en la que estamos con una escuela primaria y un centro comunitario, con la presentaci\u00f3n de unos videos que se llama no hay ESI, (\u2026) y despu\u00e9s va a estar la secundaria de la Universidad de General Sarmiento tambi\u00e9n contando su proyecto institucional de ESI y despu\u00e9s otra experiencia de un manual pensado por j\u00f3venes y para j\u00f3venes de diferentes tem\u00e1ticas de la ESI y despu\u00e9s va a haber un cierre art\u00edstico\u201d.<\/em><\/p>\n<p>Esta jornada \u201cmESIrve\u201d se organiza, adem\u00e1s, en el marco de los 10 a\u00f1os de la Diplomatura en G\u00e9neros, Pol\u00edticas y participaci\u00f3n de la Universidad Nacional de General Sarmiento.<\/p>\n<p>Gavio, describi\u00f3 para quienes est\u00e1 pensada y destinada esta jornada <em>\u201cEl p\u00fablico pensado son docentes, estudiantes, para gente que este en diferentes espacios que considere que la ESI es importante, trabajarla, abordarla, tambi\u00e9n hay equipos de orientaci\u00f3n escolar, equipos de algunas direcciones de g\u00e9neros de algunas instituciones, centros educativos, educaci\u00f3n no formal, centros comunitarios, educadoras populares, hay como una diversidad en el p\u00fablico que se fue inscribiendo\u201d.<\/em><\/p>\n<p>La invitaci\u00f3n es para el pr\u00f3ximo lunes 14 de agosto, a partir de las 17.30hs, en el Multiespacio de la Universidad Nacional de General Sarmiento.<\/p>\n<p>La entrada es libre y gratuita y te podes inscribir completando el <a href=\"https:\/\/docs.google.com\/...\/1IwiXP...\/edit\">formulario.<\/a><\/p>\n<p>Entrevista completa realizada en el noticiero Encuentro con las Noticias<\/p>\n<p><a href=\"https:\/\/archive.org\/details\/audio-florencia-gavio-11-08-2023\">Descargar<\/a><\/p>\n<audio class=\"wp-audio-shortcode\" id=\"audio-5685-2\" preload=\"none\" style=\"width: 100%;\" controls=\"controls\"><source type=\"audio\/mpeg\" src=\"https:\/\/archive.org\/download\/audio-florencia-gavio-11-08-2023\/AUDIO%20-%20FLORENCIA%20GAVIO%2011%2008%202023.mp3?_=2\" \/><a href=\"https:\/\/archive.org\/download\/audio-florencia-gavio-11-08-2023\/AUDIO%20-%20FLORENCIA%20GAVIO%2011%2008%202023.mp3\">https:\/\/archive.org\/download\/audio-florencia-gavio-11-08-2023\/AUDIO%20-%20FLORENCIA%20GAVIO%2011%2008%202023.mp3<\/a><\/audio>\n<div class=\"powerpress_player\" id=\"powerpress_player_3258\"><audio class=\"wp-audio-shortcode\" id=\"audio-5685-1\" preload=\"none\" style=\"width: 100%;\" controls=\"controls\"><source type=\"audio\/mpeg\" src=\"https:\/\/archive.org\/download\/audio-florencia-gavio-11-08-2023\/AUDIO%20-%20FLORENCIA%20GAVIO%2011%2008%202023.mp3?_=1\" \/><a href=\"https:\/\/archive.org\/download\/audio-florencia-gavio-11-08-2023\/AUDIO%20-%20FLORENCIA%20GAVIO%2011%2008%202023.mp3\">https:\/\/archive.org\/download\/audio-florencia-gavio-11-08-2023\/AUDIO%20-%20FLORENCIA%20GAVIO%2011%2008%202023.mp3<\/a><\/audio><\/div><p class=\"powerpress_links powerpress_links_mp3\" style=\"margin-bottom: 1px !important;\">Podcast: <a href=\"https:\/\/archive.org\/download\/audio-florencia-gavio-11-08-2023\/AUDIO%20-%20FLORENCIA%20GAVIO%2011%2008%202023.mp3\" class=\"powerpress_link_pinw\" target=\"_blank\" title=\"Reproducir en una nueva ventana\" onclick=\"return powerpress_pinw('https:\/\/fmtinkunaco.ar\/?powerpress_pinw=5685-podcast');\" rel=\"nofollow\">Reproducir en una nueva ventana<\/a> | <a href=\"https:\/\/archive.org\/download\/audio-florencia-gavio-11-08-2023\/AUDIO%20-%20FLORENCIA%20GAVIO%2011%2008%202023.mp3\" class=\"powerpress_link_d\" title=\"Descargar\" rel=\"nofollow\" download=\"AUDIO%20-%20FLORENCIA%20GAVIO%2011%2008%202023.mp3\">Descargar<\/a><\/p>","protected":false},"excerpt":{"rendered":"<p>La Diplomatura en G\u00e9neros pol\u00edticas y participaci\u00f3n de la Universidad Nacional de General Sarmiento (UNGS) junto con la Colectiva Conurbanas Transfeministas invita a la Jornada mESIrve el pr\u00f3ximo lunes 14 de agosto. Desde la voz de sus protagonistas se presentar\u00e1n experiencias y recursos para el abordaje de la Educaci\u00f3n Sexual Integral. Florencia Gavio, integrante de [&hellip;]<\/p>\n","protected":false},"author":1,"featured_media":5686,"comment_status":"open","ping_status":"open","sticky":false,"template":"","format":"standard","meta":{"footnotes":""},"categories":[5],"tags":[],"class_list":["post-5685","post","type-post","status-publish","format-standard","has-post-thumbnail","hentry","category-educacion"],"_links":{"self":[{"href":"https:\/\/fmtinkunaco.ar\/index.php?rest_route=\/wp\/v2\/posts\/5685","targetHints":{"allow":["GET"]}}],"collection":[{"href":"https:\/\/fmtinkunaco.ar\/index.php?rest_route=\/wp\/v2\/posts"}],"about":[{"href":"https:\/\/fmtinkunaco.ar\/index.php?rest_route=\/wp\/v2\/types\/post"}],"author":[{"embeddable":true,"href":"https:\/\/fmtinkunaco.ar\/index.php?rest_route=\/wp\/v2\/users\/1"}],"replies":[{"embeddable":true,"href":"https:\/\/fmtinkunaco.ar\/index.php?rest_route=%2Fwp%2Fv2%2Fcomments&post=5685"}],"version-history":[{"count":0,"href":"https:\/\/fmtinkunaco.ar\/index.php?rest_route=\/wp\/v2\/posts\/5685\/revisions"}],"wp:featuredmedia":[{"embeddable":true,"href":"https:\/\/fmtinkunaco.ar\/index.php?rest_route=\/"}],"wp:attachment":[{"href":"https:\/\/fmtinkunaco.ar\/index.php?rest_route=%2Fwp%2Fv2%2Fmedia&parent=5685"}],"wp:term":[{"taxonomy":"category","embeddable":true,"href":"https:\/\/fmtinkunaco.ar\/index.php?rest_route=%2Fwp%2Fv2%2Fcategories&post=5685"},{"taxonomy":"post_tag","embeddable":true,"href":"https:\/\/fmtinkunaco.ar\/index.php?rest_route=%2Fwp%2Fv2%2Ftags&post=5685"}],"curies":[{"name":"wp","href":"https:\/\/api.w.org\/{rel}","templated":true}]}}