{"id":5689,"date":"2023-08-11T14:38:29","date_gmt":"2023-08-11T17:38:29","guid":{"rendered":"https:\/\/fmtinkunaco.com.ar\/?p=5689"},"modified":"2023-08-11T14:38:29","modified_gmt":"2023-08-11T17:38:29","slug":"la-asociacion-civil-sadhes-busca-fondos-para-sostener-el-programa-mami","status":"publish","type":"post","link":"https:\/\/fmtinkunaco.ar\/?p=5689","title":{"rendered":"La Asociaci\u00f3n civil SADHES busca fondos para sostener el Programa \u201cMAMI\u201d"},"content":{"rendered":"<p><a href=\"https:\/\/www.facebook.com\/sahdes.org\">Sahdes es una Asociaci\u00f3n Civil sin fines de lucro<\/a> que naci\u00f3 en 2007, integrada por un equipo interdisciplinario de trabajo, que se propone contribuir al desarrollo y la equidad en comunidades vulnerables, con foco en la mejora de la salud materno-infantil, e incidir en pol\u00edticas p\u00fablicas de salud.<\/p>\n<p>La Asociaci\u00f3n Civil SAHDES organiza un Taller de Imagen Personal con la colaboraci\u00f3n del Hotel \u00a0Sheraton Pilar para recaudar fondos que ser\u00e1n destinados a sostener el Programa \u201cMAMI\u201d y el servicio de puericultura para mam\u00e1s de bajos recursos, que funciona todos los d\u00edas en forma gratuita en el Hospital Maternal de Pilar.<\/p>\n<p>Luciana Malamud, Directora de la Asociaci\u00f3n civil SAHDES, describi\u00f3 el trabajo que realizan hace m\u00e1s de 15 a\u00f1os, <em>\u201cNosotros venimos trabajando en Pilar desde hace 20 a\u00f1os, en los barrios m\u00e1s vulnerables de Pilar con programas que tienen que ver con la promoci\u00f3n de la salud materno infantil y la prevenci\u00f3n, este programa \u201cMAMI\u201d lo llevamos adelante desde 2011 y es un programa de formaci\u00f3n de mujeres en los barrios para acompa\u00f1ar a otras mujeres embarazadas, ni\u00f1as y adolescentes porque tambi\u00e9n hay chicas muy chiquitas embarazadas en los diferentes barrios y la idea es acercar a todas esas embarazadas al sistema de salud porque hay much\u00edsimos partos sin controles previos con todo lo que eso implica, entonces queremos acompa\u00f1arlas al sistema de salud y por otro lado, brindarles un acompa\u00f1amiento m\u00e1s emocional porque son personas que viven en situaciones muy complejas, en un contexto social muy dif\u00edcil\u201d.<br \/>\n<\/em><br \/>\nMalamud, adem\u00e1s, sostuvo <em>\u201cMAMI es eso, es abordar todo el embarazo y el primer a\u00f1o de edad de los bebes con la intenci\u00f3n de prevenir situaciones m\u00e1s complejas de salud y tambi\u00e9n trabajar en los v\u00ednculos de mam\u00e1s\u201d.<\/em><\/p>\n<p>La jornada solidaria ser\u00e1 en el Hotel Sheraton en el partido de Pilar, el pr\u00f3ximo 22 de agosto y tiene como objetivo recaudar fondos y dar a conocer el trabajo que realizan en el municipio.<\/p>\n<p>Entrevista completa realizada en el noticiero Encuentro con las Noticias<\/p>\n<p><a href=\"https:\/\/archive.org\/details\/audio-luciana-malamud-sadhes-11-08\">Descargar<\/a><\/p>\n<audio class=\"wp-audio-shortcode\" id=\"audio-5689-2\" preload=\"none\" style=\"width: 100%;\" controls=\"controls\"><source type=\"audio\/mpeg\" src=\"https:\/\/archive.org\/download\/audio-luciana-malamud-sadhes-11-08\/AUDIO%20-%20LUCIANA%20MALAMUD%20%28SADHES%29%2011%2008%20.mp3?_=2\" \/><a href=\"https:\/\/archive.org\/download\/audio-luciana-malamud-sadhes-11-08\/AUDIO%20-%20LUCIANA%20MALAMUD%20%28SADHES%29%2011%2008%20.mp3\">https:\/\/archive.org\/download\/audio-luciana-malamud-sadhes-11-08\/AUDIO%20-%20LUCIANA%20MALAMUD%20%28SADHES%29%2011%2008%20.mp3<\/a><\/audio>\n<div class=\"powerpress_player\" id=\"powerpress_player_9004\"><audio class=\"wp-audio-shortcode\" id=\"audio-5689-1\" preload=\"none\" style=\"width: 100%;\" controls=\"controls\"><source type=\"audio\/mpeg\" src=\"https:\/\/archive.org\/download\/audio-luciana-malamud-sadhes-11-08\/AUDIO%20-%20LUCIANA%20MALAMUD%20%28SADHES%29%2011%2008%20.mp3?_=1\" \/><a href=\"https:\/\/archive.org\/download\/audio-luciana-malamud-sadhes-11-08\/AUDIO%20-%20LUCIANA%20MALAMUD%20%28SADHES%29%2011%2008%20.mp3\">https:\/\/archive.org\/download\/audio-luciana-malamud-sadhes-11-08\/AUDIO%20-%20LUCIANA%20MALAMUD%20%28SADHES%29%2011%2008%20.mp3<\/a><\/audio><\/div><p class=\"powerpress_links powerpress_links_mp3\" style=\"margin-bottom: 1px !important;\">Podcast: <a href=\"https:\/\/archive.org\/download\/audio-luciana-malamud-sadhes-11-08\/AUDIO%20-%20LUCIANA%20MALAMUD%20%28SADHES%29%2011%2008%20.mp3\" class=\"powerpress_link_pinw\" target=\"_blank\" title=\"Reproducir en una nueva ventana\" onclick=\"return powerpress_pinw('https:\/\/fmtinkunaco.ar\/?powerpress_pinw=5689-podcast');\" rel=\"nofollow\">Reproducir en una nueva ventana<\/a> | <a href=\"https:\/\/archive.org\/download\/audio-luciana-malamud-sadhes-11-08\/AUDIO%20-%20LUCIANA%20MALAMUD%20%28SADHES%29%2011%2008%20.mp3\" class=\"powerpress_link_d\" title=\"Descargar\" rel=\"nofollow\" download=\"AUDIO%20-%20LUCIANA%20MALAMUD%20%28SADHES%29%2011%2008%20.mp3\">Descargar<\/a><\/p>","protected":false},"excerpt":{"rendered":"<p>Sahdes es una Asociaci\u00f3n Civil sin fines de lucro que naci\u00f3 en 2007, integrada por un equipo interdisciplinario de trabajo, que se propone contribuir al desarrollo y la equidad en comunidades vulnerables, con foco en la mejora de la salud materno-infantil, e incidir en pol\u00edticas p\u00fablicas de salud. La Asociaci\u00f3n Civil SAHDES organiza un Taller [&hellip;]<\/p>\n","protected":false},"author":1,"featured_media":5690,"comment_status":"open","ping_status":"open","sticky":false,"template":"","format":"standard","meta":{"footnotes":""},"categories":[7],"tags":[],"class_list":["post-5689","post","type-post","status-publish","format-standard","has-post-thumbnail","hentry","category-salud"],"_links":{"self":[{"href":"https:\/\/fmtinkunaco.ar\/index.php?rest_route=\/wp\/v2\/posts\/5689","targetHints":{"allow":["GET"]}}],"collection":[{"href":"https:\/\/fmtinkunaco.ar\/index.php?rest_route=\/wp\/v2\/posts"}],"about":[{"href":"https:\/\/fmtinkunaco.ar\/index.php?rest_route=\/wp\/v2\/types\/post"}],"author":[{"embeddable":true,"href":"https:\/\/fmtinkunaco.ar\/index.php?rest_route=\/wp\/v2\/users\/1"}],"replies":[{"embeddable":true,"href":"https:\/\/fmtinkunaco.ar\/index.php?rest_route=%2Fwp%2Fv2%2Fcomments&post=5689"}],"version-history":[{"count":0,"href":"https:\/\/fmtinkunaco.ar\/index.php?rest_route=\/wp\/v2\/posts\/5689\/revisions"}],"wp:featuredmedia":[{"embeddable":true,"href":"https:\/\/fmtinkunaco.ar\/index.php?rest_route=\/"}],"wp:attachment":[{"href":"https:\/\/fmtinkunaco.ar\/index.php?rest_route=%2Fwp%2Fv2%2Fmedia&parent=5689"}],"wp:term":[{"taxonomy":"category","embeddable":true,"href":"https:\/\/fmtinkunaco.ar\/index.php?rest_route=%2Fwp%2Fv2%2Fcategories&post=5689"},{"taxonomy":"post_tag","embeddable":true,"href":"https:\/\/fmtinkunaco.ar\/index.php?rest_route=%2Fwp%2Fv2%2Ftags&post=5689"}],"curies":[{"name":"wp","href":"https:\/\/api.w.org\/{rel}","templated":true}]}}