{"id":5713,"date":"2023-08-17T13:07:25","date_gmt":"2023-08-17T16:07:25","guid":{"rendered":"https:\/\/fmtinkunaco.com.ar\/?p=5713"},"modified":"2023-08-17T13:07:25","modified_gmt":"2023-08-17T16:07:25","slug":"viii-encuentro-nacional-del-forum-infancias-red-federal","status":"publish","type":"post","link":"https:\/\/fmtinkunaco.ar\/?p=5713","title":{"rendered":"VIII Encuentro Nacional del Forum Infancias Red Federal"},"content":{"rendered":"<p>Los pr\u00f3ximos 22 y 23 de septiembre se llevar\u00e1 adelante el VIII Encuentro Nacional del Forum Indancias Red Federal, bajo el lema <em><strong>\u201cVoces y Miradas Federales de Infancias y Adolescencias\u201d<\/strong><\/em> de manera presencial en la ciudad de Escobar.<\/p>\n<p>Las Comisiones de la Red Federal de Educaci\u00f3n, Cl\u00ednica y Pol\u00edticas P\u00fablicas invitan a compartir e intercambiar a trav\u00e9s de Mesas Plenarias, Conversatorios, Talleres y Rondas propuestas por diversos y diversas profesionales, que desde sus trayectorias nos invitar\u00e1n a reflexionar sobre las voces en las infancias y adolescencias con una mirada federal.<\/p>\n<p>Carla Elena, es Psic\u00f3loga social e integrante del Forum Infancias y se refiri\u00f3 a este encuentro <em>\u201cSon dos d\u00edas que est\u00e1n buen\u00edsimos, porque son dos d\u00edas en donde hay encuentro, hay dialogo, conversaci\u00f3n, hay presencia, hay charlas desde diferentes aspectos y hay diferentes din\u00e1micas de las charlas porque hay mesas plenarias, despu\u00e9s hay conversatorios, hay talleres, hay adolescentes que traen su m\u00fasica entonces hay parte art\u00edstica, y tambi\u00e9n est\u00e1 muy bueno que hay algunas jugueter\u00edas y librer\u00edas que tambi\u00e9n transitan estos espacios y exponen sus juguetes, y exponen sus libros, entonces es como un hacer que esta bueno, que est\u00e1 \u00a0bueno transitarlo y aparte son muy interesantes\u201d.<\/em><\/p>\n<p>Elena, adem\u00e1s remarc\u00f3 <em>\u201cSon encuentros que suman mucho, son encuentro donde uno genera v\u00ednculos, trama vincular, se encuentra con otros que est\u00e1n tal vez haciendo lo mismo pero en otros territorios, en otros lugares, con otras miradas, y eso suma mucho, las miradas de los otros, el transitar de otras personas en diferentes campos te suma much\u00edsimo, vos te enriqueces\u201d.<\/em><\/p>\n<p>Algunos de los expositores ser\u00e1n: Beatriz Janin (Psic\u00f3loga), Miguel Tollo (Psic\u00f3logo), Mara Lesbegueris (Psicomotricista), Liliana Maltz (Lic. Cs. de la Educaci\u00f3n), Mariela Degano (Lic. en Ed. para la Salud), Gustavo Gauna (Musicoterapeuta), Laura Kiel (Psicoanalista), Adri\u00e1n Mart\u00ednez (Psicopedagogo), Marcela Bottinelli (Dra. en Salud Mental Comunitaria), Gaspar Costa (Pediatra), Alejandra Barcala (Mg. en Salud P\u00fablica), Ro Ferrer (Ilustradora), Marcelo Rocha (Psic\u00f3logo), Gabriela Insua (Psicoanalista), entre otros.<\/p>\n<p>Los aranceles para participar del encuentro oscilan entre los $2200 pesos hasta los $5500 pesos, teniendo en cuenta si se participa como estudiante, docentes y miembros del f\u00f3rum, trabajadores de instituciones estatales y p\u00fablico en general.<\/p>\n<p>El encuentro es el 22 y 23 de septiembre, en el Colegio Preuniversitario Dr Ram\u00f3n Cereijo y para participar hay que llenar el Formulario de Preinscripcion al Encuentro Nacional de Forum Infancias Red Federal: <a href=\"https:\/\/forms.gle\/34wr4dUM6mN32RfL8?fbclid=IwAR3hUgu823FarZCq7LOL9JoV29qzB_aGDTPWRLrmGck7WqGTIjbMSg0f--I\">https:\/\/forms.gle\/34wr4dUM6mN32RfL8<\/a>.<\/p>\n<p>Entrevista completa realizada en el noticiero Encuentro con las Noticias<\/p>\n<p><a href=\"https:\/\/archive.org\/details\/audio-carla-elena-17-08\">Descargar<\/a><\/p>\n<audio class=\"wp-audio-shortcode\" id=\"audio-5713-2\" preload=\"none\" style=\"width: 100%;\" controls=\"controls\"><source type=\"audio\/mpeg\" src=\"https:\/\/archive.org\/download\/audio-carla-elena-17-08\/AUDIO%20-%20CARLA%20ELENA%2017%2008%20.mp3?_=2\" \/><a href=\"https:\/\/archive.org\/download\/audio-carla-elena-17-08\/AUDIO%20-%20CARLA%20ELENA%2017%2008%20.mp3\">https:\/\/archive.org\/download\/audio-carla-elena-17-08\/AUDIO%20-%20CARLA%20ELENA%2017%2008%20.mp3<\/a><\/audio>\n<p>&nbsp;<\/p>\n<div class=\"powerpress_player\" id=\"powerpress_player_2803\"><audio class=\"wp-audio-shortcode\" id=\"audio-5713-1\" preload=\"none\" style=\"width: 100%;\" controls=\"controls\"><source type=\"audio\/mpeg\" src=\"https:\/\/archive.org\/download\/audio-carla-elena-17-08\/AUDIO%20-%20CARLA%20ELENA%2017%2008%20.mp3?_=1\" \/><a href=\"https:\/\/archive.org\/download\/audio-carla-elena-17-08\/AUDIO%20-%20CARLA%20ELENA%2017%2008%20.mp3\">https:\/\/archive.org\/download\/audio-carla-elena-17-08\/AUDIO%20-%20CARLA%20ELENA%2017%2008%20.mp3<\/a><\/audio><\/div><p class=\"powerpress_links powerpress_links_mp3\" style=\"margin-bottom: 1px !important;\">Podcast: <a href=\"https:\/\/archive.org\/download\/audio-carla-elena-17-08\/AUDIO%20-%20CARLA%20ELENA%2017%2008%20.mp3\" class=\"powerpress_link_pinw\" target=\"_blank\" title=\"Reproducir en una nueva ventana\" onclick=\"return powerpress_pinw('https:\/\/fmtinkunaco.ar\/?powerpress_pinw=5713-podcast');\" rel=\"nofollow\">Reproducir en una nueva ventana<\/a> | <a href=\"https:\/\/archive.org\/download\/audio-carla-elena-17-08\/AUDIO%20-%20CARLA%20ELENA%2017%2008%20.mp3\" class=\"powerpress_link_d\" title=\"Descargar\" rel=\"nofollow\" download=\"AUDIO%20-%20CARLA%20ELENA%2017%2008%20.mp3\">Descargar<\/a><\/p>","protected":false},"excerpt":{"rendered":"<p>Los pr\u00f3ximos 22 y 23 de septiembre se llevar\u00e1 adelante el VIII Encuentro Nacional del Forum Indancias Red Federal, bajo el lema \u201cVoces y Miradas Federales de Infancias y Adolescencias\u201d de manera presencial en la ciudad de Escobar. Las Comisiones de la Red Federal de Educaci\u00f3n, Cl\u00ednica y Pol\u00edticas P\u00fablicas invitan a compartir e intercambiar [&hellip;]<\/p>\n","protected":false},"author":1,"featured_media":5714,"comment_status":"open","ping_status":"open","sticky":false,"template":"","format":"standard","meta":{"footnotes":""},"categories":[5],"tags":[],"class_list":["post-5713","post","type-post","status-publish","format-standard","has-post-thumbnail","hentry","category-educacion"],"_links":{"self":[{"href":"https:\/\/fmtinkunaco.ar\/index.php?rest_route=\/wp\/v2\/posts\/5713","targetHints":{"allow":["GET"]}}],"collection":[{"href":"https:\/\/fmtinkunaco.ar\/index.php?rest_route=\/wp\/v2\/posts"}],"about":[{"href":"https:\/\/fmtinkunaco.ar\/index.php?rest_route=\/wp\/v2\/types\/post"}],"author":[{"embeddable":true,"href":"https:\/\/fmtinkunaco.ar\/index.php?rest_route=\/wp\/v2\/users\/1"}],"replies":[{"embeddable":true,"href":"https:\/\/fmtinkunaco.ar\/index.php?rest_route=%2Fwp%2Fv2%2Fcomments&post=5713"}],"version-history":[{"count":0,"href":"https:\/\/fmtinkunaco.ar\/index.php?rest_route=\/wp\/v2\/posts\/5713\/revisions"}],"wp:featuredmedia":[{"embeddable":true,"href":"https:\/\/fmtinkunaco.ar\/index.php?rest_route=\/"}],"wp:attachment":[{"href":"https:\/\/fmtinkunaco.ar\/index.php?rest_route=%2Fwp%2Fv2%2Fmedia&parent=5713"}],"wp:term":[{"taxonomy":"category","embeddable":true,"href":"https:\/\/fmtinkunaco.ar\/index.php?rest_route=%2Fwp%2Fv2%2Fcategories&post=5713"},{"taxonomy":"post_tag","embeddable":true,"href":"https:\/\/fmtinkunaco.ar\/index.php?rest_route=%2Fwp%2Fv2%2Ftags&post=5713"}],"curies":[{"name":"wp","href":"https:\/\/api.w.org\/{rel}","templated":true}]}}