{"id":5716,"date":"2023-08-18T13:24:06","date_gmt":"2023-08-18T16:24:06","guid":{"rendered":"https:\/\/fmtinkunaco.com.ar\/?p=5716"},"modified":"2023-08-18T13:24:06","modified_gmt":"2023-08-18T16:24:06","slug":"reserva-los-robles-un-pulmon-verde-para-visitar-en-el-municipio-de-moreno","status":"publish","type":"post","link":"https:\/\/fmtinkunaco.ar\/?p=5716","title":{"rendered":"Reserva Los Robles, un pulm\u00f3n verde para visitar en el municipio de Moreno"},"content":{"rendered":"<p>La Reserva Ecol\u00f3gica de Moreno fue establecida como tal mediante una Ordenanza en el a\u00f1o 2019, previo a ello se realizaban actividades y se pod\u00eda recorrer pero como Parque los robles.<\/p>\n<p>Actualmente, hay actividades diversas para toda la familia, de martes a domingo de 8 a 18hs, horario de invierno; en el verano el horario se extiende.<\/p>\n<p>Marcela Gueli, Bibliotecaria de la Reserva Los Robles de Moreno, explic\u00f3 lo que representa este espacio verde, <em>\u201cLa reserva los robles es un pulm\u00f3n verde, de los pocos que quedan en el oeste, es una reserva ecol\u00f3gica que queda en el sur de Moreno, en la localidad de La Reja, de Moreno estaremos a unos siete kil\u00f3metros maso menos y tenemos mil hect\u00e1reas de naturaleza para ofrecerle a los visitantes todos los d\u00edas, excepto los lunes, la reserva est\u00e1 abierta todos los d\u00edas\u201d.<\/em><\/p>\n<p>Adem\u00e1s, Gueli, describi\u00f3 y enumero algunas de los espacios y actividades que nos podemos encontrar all\u00ed <em>\u201cDentro de la reserva tenemos diferentes sectores, tenemos la biblioteca de naturaleza que es muy visitada, de martes a domingo nosotros trabajamos con las escuelas, que vienen a visitar la reserva, hay unos senderos educativos que son precioso para recorrer con un mont\u00f3n de verde y de flora y fauna nativa y aut\u00f3ctona tambi\u00e9n dentro de estos senderitos. Tenemos un sector gastron\u00f3mico, hay un lugar de hospedaje para los fines de semana que los turistas pueden venir, los vecinos, pueden venir y quedarse, hospedarse obviamente con reserva previa. Hay lugar de acampe, despu\u00e9s saliendo de la reserva est\u00e1 el humedal, el Lago San Francisco, donde tambi\u00e9n se hacen actividades\u201d.<\/em><\/p>\n<p>La reserva cuenta con actividades educativas, recreaci\u00f3n, interactivas, art\u00edsticas, entre otras, con el objetivo de relacionarse, vincularse, conocer y conectar con la naturaleza.<\/p>\n<p>Marcela Gueli, tambi\u00e9n cont\u00f3 que el trabajo que vienen realizando tiene m\u00e1s de 30 a\u00f1os pero la reserva ecol\u00f3gica como tal fue establecida as\u00ed en 2019, <em>\u201cHace maso menos 34 a\u00f1os, antes no era reserva, era un parque que se llamaba parque los robles y ya desde el 2019, a trav\u00e9s de una ordenanza, se la design\u00f3 reserva ecol\u00f3gica. Son muchos a\u00f1os, pero cada d\u00eda est\u00e1 m\u00e1s linda la reserva\u201d.<\/em><\/p>\n<p>Entrevista completa realizada en el noticiero Encuentro con las Noticias<\/p>\n<p><a href=\"https:\/\/archive.org\/details\/audio-marcela-gueli-reserva-de-moreno-18-08-2023\">Descargar<\/a><\/p>\n<audio class=\"wp-audio-shortcode\" id=\"audio-5716-2\" preload=\"none\" style=\"width: 100%;\" controls=\"controls\"><source type=\"audio\/mpeg\" src=\"https:\/\/archive.org\/download\/audio-marcela-gueli-reserva-de-moreno-18-08-2023\/AUDIO%20-%20MARCELA%20GUELI%20%28RESERVA%20DE%20MORENO%29%2018%2008%202023.mp3?_=2\" \/><a href=\"https:\/\/archive.org\/download\/audio-marcela-gueli-reserva-de-moreno-18-08-2023\/AUDIO%20-%20MARCELA%20GUELI%20%28RESERVA%20DE%20MORENO%29%2018%2008%202023.mp3\">https:\/\/archive.org\/download\/audio-marcela-gueli-reserva-de-moreno-18-08-2023\/AUDIO%20-%20MARCELA%20GUELI%20%28RESERVA%20DE%20MORENO%29%2018%2008%202023.mp3<\/a><\/audio>\n<p>&nbsp;<\/p>\n<div class=\"powerpress_player\" id=\"powerpress_player_4304\"><audio class=\"wp-audio-shortcode\" id=\"audio-5716-1\" preload=\"none\" style=\"width: 100%;\" controls=\"controls\"><source type=\"audio\/mpeg\" src=\"https:\/\/archive.org\/download\/audio-marcela-gueli-reserva-de-moreno-18-08-2023\/AUDIO%20-%20MARCELA%20GUELI%20%28RESERVA%20DE%20MORENO%29%2018%2008%202023.mp3?_=1\" \/><a href=\"https:\/\/archive.org\/download\/audio-marcela-gueli-reserva-de-moreno-18-08-2023\/AUDIO%20-%20MARCELA%20GUELI%20%28RESERVA%20DE%20MORENO%29%2018%2008%202023.mp3\">https:\/\/archive.org\/download\/audio-marcela-gueli-reserva-de-moreno-18-08-2023\/AUDIO%20-%20MARCELA%20GUELI%20%28RESERVA%20DE%20MORENO%29%2018%2008%202023.mp3<\/a><\/audio><\/div><p class=\"powerpress_links powerpress_links_mp3\" style=\"margin-bottom: 1px !important;\">Podcast: <a href=\"https:\/\/archive.org\/download\/audio-marcela-gueli-reserva-de-moreno-18-08-2023\/AUDIO%20-%20MARCELA%20GUELI%20%28RESERVA%20DE%20MORENO%29%2018%2008%202023.mp3\" class=\"powerpress_link_pinw\" target=\"_blank\" title=\"Reproducir en una nueva ventana\" onclick=\"return powerpress_pinw('https:\/\/fmtinkunaco.ar\/?powerpress_pinw=5716-podcast');\" rel=\"nofollow\">Reproducir en una nueva ventana<\/a> | <a href=\"https:\/\/archive.org\/download\/audio-marcela-gueli-reserva-de-moreno-18-08-2023\/AUDIO%20-%20MARCELA%20GUELI%20%28RESERVA%20DE%20MORENO%29%2018%2008%202023.mp3\" class=\"powerpress_link_d\" title=\"Descargar\" rel=\"nofollow\" download=\"AUDIO%20-%20MARCELA%20GUELI%20%28RESERVA%20DE%20MORENO%29%2018%2008%202023.mp3\">Descargar<\/a><\/p>","protected":false},"excerpt":{"rendered":"<p>La Reserva Ecol\u00f3gica de Moreno fue establecida como tal mediante una Ordenanza en el a\u00f1o 2019, previo a ello se realizaban actividades y se pod\u00eda recorrer pero como Parque los robles. Actualmente, hay actividades diversas para toda la familia, de martes a domingo de 8 a 18hs, horario de invierno; en el verano el horario [&hellip;]<\/p>\n","protected":false},"author":1,"featured_media":5717,"comment_status":"open","ping_status":"open","sticky":false,"template":"","format":"standard","meta":{"footnotes":""},"categories":[2],"tags":[],"class_list":["post-5716","post","type-post","status-publish","format-standard","has-post-thumbnail","hentry","category-ambiente"],"_links":{"self":[{"href":"https:\/\/fmtinkunaco.ar\/index.php?rest_route=\/wp\/v2\/posts\/5716","targetHints":{"allow":["GET"]}}],"collection":[{"href":"https:\/\/fmtinkunaco.ar\/index.php?rest_route=\/wp\/v2\/posts"}],"about":[{"href":"https:\/\/fmtinkunaco.ar\/index.php?rest_route=\/wp\/v2\/types\/post"}],"author":[{"embeddable":true,"href":"https:\/\/fmtinkunaco.ar\/index.php?rest_route=\/wp\/v2\/users\/1"}],"replies":[{"embeddable":true,"href":"https:\/\/fmtinkunaco.ar\/index.php?rest_route=%2Fwp%2Fv2%2Fcomments&post=5716"}],"version-history":[{"count":0,"href":"https:\/\/fmtinkunaco.ar\/index.php?rest_route=\/wp\/v2\/posts\/5716\/revisions"}],"wp:featuredmedia":[{"embeddable":true,"href":"https:\/\/fmtinkunaco.ar\/index.php?rest_route=\/"}],"wp:attachment":[{"href":"https:\/\/fmtinkunaco.ar\/index.php?rest_route=%2Fwp%2Fv2%2Fmedia&parent=5716"}],"wp:term":[{"taxonomy":"category","embeddable":true,"href":"https:\/\/fmtinkunaco.ar\/index.php?rest_route=%2Fwp%2Fv2%2Fcategories&post=5716"},{"taxonomy":"post_tag","embeddable":true,"href":"https:\/\/fmtinkunaco.ar\/index.php?rest_route=%2Fwp%2Fv2%2Ftags&post=5716"}],"curies":[{"name":"wp","href":"https:\/\/api.w.org\/{rel}","templated":true}]}}