{"id":5725,"date":"2023-08-23T11:32:57","date_gmt":"2023-08-23T14:32:57","guid":{"rendered":"https:\/\/fmtinkunaco.com.ar\/?p=5725"},"modified":"2023-08-23T11:32:57","modified_gmt":"2023-08-23T14:32:57","slug":"el-frente-de-asociaciones-de-base-de-conadu-exige-la-inmediata-reapertura-de-paritarias","status":"publish","type":"post","link":"https:\/\/fmtinkunaco.ar\/?p=5725","title":{"rendered":"El Frente de Asociaciones de Base de CONADU exige la inmediata reapertura de paritarias"},"content":{"rendered":"<p>El Frente de Asociaciones de Base de CONADU (FAB) reclama la inmediata reapertura de la paritaria docente universitaria para discutir una urgente recomposici\u00f3n salarial.<\/p>\n<p>Adem\u00e1s, exigen la participaci\u00f3n del FAB en la mesa de negociaci\u00f3n, como garant\u00eda de que se escuchen las voces de la mayor\u00eda de la docencia universitaria.<\/p>\n<p>Mat\u00edas Rivera, Secretario de Hacienda de la Asociaci\u00f3n de Docentes e Investigadores de la Universidad Nacional de Jos\u00e9. C. Paz (ADIUNPAZ) se refiri\u00f3 a la situaci\u00f3n cr\u00edtica en la que se encuentran <em>\u201cEl problema que nosotros estamos viendo es que con los aumentos que hemos tenido, en las paritarias que se han realizado este a\u00f1o, el salario quedo mucho m\u00e1s abajo que la inflaci\u00f3n; recordemos que nosotros venimos desde el inicio de gobierno de Mauricio Macri, hasta este \u00faltimo a\u00f1o, con una perdida maso menos frente a la inflaci\u00f3n del 20%, es decir nuestros salarios est\u00e1n 20 puntos por debajo de la inflaci\u00f3n\u201d.<\/em><\/p>\n<p>En esta l\u00ednea, Rivera sostuvo <em>\u201cDesde nuestro sindicato y desde varias asociaciones que conformamos la CONADU que es una de las Federaciones sindicales estamos exigiendo a nuestra federaci\u00f3n, en primer lugar y tambi\u00e9n al Ministerio, a la Secretaria de Pol\u00edticas Universitarias que se reabran las paritarias porque claramente la situaci\u00f3n econ\u00f3mica dado el contexto inflacionario que estamos teniendo y la devaluaci\u00f3n de nuestra moneda requiere que tengamos que hacer un reajuste para que los docentes podamos, m\u00ednimamente, tener lo que necesitamos para vivir b\u00e1sicamente\u201d.<\/em><\/p>\n<p>Finalmente, Mat\u00edas Rivera, explic\u00f3 por qu\u00e9 exigen tambi\u00e9n la participaci\u00f3n de la FAB en la mesa de negociaci\u00f3n <em>\u201cNosotros estamos denunciando que, justamente, la dirigencia sindical lo que viene haciendo es actuar a espaldas de los afiliados, a espaldas de los trabajadores firmando acuerdos que son perjudiciales para todo el conjunto de los trabajadores docentes de las universidades desoyendo los mandatos de las asociaciones de base y de los afiliados en general que justamente generan mayor presi\u00f3n frente a un gobierno que se muestra a las claras d\u00e9bil frente a ciertos intereses y que termina golpeando a los trabajadores\u201d.<br \/>\n<\/em><\/p>\n<p>Rivera sostuvo que la intenci\u00f3n de las bases es construir poder para lograr disputar la actual dirigencia de la federaci\u00f3n.<\/p>\n<p>Entrevista completa realizada en el noticiero Encuentro con las Noticias<\/p>\n<p><a href=\"https:\/\/archive.org\/details\/audio-matias-rivera-adiunpaz-23-08-2023\">Descargar<\/a><\/p>\n<audio class=\"wp-audio-shortcode\" id=\"audio-5725-2\" preload=\"none\" style=\"width: 100%;\" controls=\"controls\"><source type=\"audio\/mpeg\" src=\"https:\/\/archive.org\/download\/audio-matias-rivera-adiunpaz-23-08-2023\/AUDIO%20-%20MATIAS%20RIVERA%20%28ADIUNPAZ%29%2023%2008%202023.mp3?_=2\" \/><a href=\"https:\/\/archive.org\/download\/audio-matias-rivera-adiunpaz-23-08-2023\/AUDIO%20-%20MATIAS%20RIVERA%20%28ADIUNPAZ%29%2023%2008%202023.mp3\">https:\/\/archive.org\/download\/audio-matias-rivera-adiunpaz-23-08-2023\/AUDIO%20-%20MATIAS%20RIVERA%20%28ADIUNPAZ%29%2023%2008%202023.mp3<\/a><\/audio>\n<p><em>\u00a0<\/em><\/p>\n<p>&nbsp;<\/p>\n<p><em>\u00a0<\/em><\/p>\n<div class=\"powerpress_player\" id=\"powerpress_player_6251\"><audio class=\"wp-audio-shortcode\" id=\"audio-5725-1\" preload=\"none\" style=\"width: 100%;\" controls=\"controls\"><source type=\"audio\/mpeg\" src=\"https:\/\/archive.org\/download\/audio-matias-rivera-adiunpaz-23-08-2023\/AUDIO%20-%20MATIAS%20RIVERA%20%28ADIUNPAZ%29%2023%2008%202023.mp3?_=1\" \/><a href=\"https:\/\/archive.org\/download\/audio-matias-rivera-adiunpaz-23-08-2023\/AUDIO%20-%20MATIAS%20RIVERA%20%28ADIUNPAZ%29%2023%2008%202023.mp3\">https:\/\/archive.org\/download\/audio-matias-rivera-adiunpaz-23-08-2023\/AUDIO%20-%20MATIAS%20RIVERA%20%28ADIUNPAZ%29%2023%2008%202023.mp3<\/a><\/audio><\/div><p class=\"powerpress_links powerpress_links_mp3\" style=\"margin-bottom: 1px !important;\">Podcast: <a href=\"https:\/\/archive.org\/download\/audio-matias-rivera-adiunpaz-23-08-2023\/AUDIO%20-%20MATIAS%20RIVERA%20%28ADIUNPAZ%29%2023%2008%202023.mp3\" class=\"powerpress_link_pinw\" target=\"_blank\" title=\"Reproducir en una nueva ventana\" onclick=\"return powerpress_pinw('https:\/\/fmtinkunaco.ar\/?powerpress_pinw=5725-podcast');\" rel=\"nofollow\">Reproducir en una nueva ventana<\/a> | <a href=\"https:\/\/archive.org\/download\/audio-matias-rivera-adiunpaz-23-08-2023\/AUDIO%20-%20MATIAS%20RIVERA%20%28ADIUNPAZ%29%2023%2008%202023.mp3\" class=\"powerpress_link_d\" title=\"Descargar\" rel=\"nofollow\" download=\"AUDIO%20-%20MATIAS%20RIVERA%20%28ADIUNPAZ%29%2023%2008%202023.mp3\">Descargar<\/a><\/p>","protected":false},"excerpt":{"rendered":"<p>El Frente de Asociaciones de Base de CONADU (FAB) reclama la inmediata reapertura de la paritaria docente universitaria para discutir una urgente recomposici\u00f3n salarial. Adem\u00e1s, exigen la participaci\u00f3n del FAB en la mesa de negociaci\u00f3n, como garant\u00eda de que se escuchen las voces de la mayor\u00eda de la docencia universitaria. Mat\u00edas Rivera, Secretario de Hacienda [&hellip;]<\/p>\n","protected":false},"author":1,"featured_media":5726,"comment_status":"open","ping_status":"open","sticky":false,"template":"","format":"standard","meta":{"footnotes":""},"categories":[5],"tags":[],"class_list":["post-5725","post","type-post","status-publish","format-standard","has-post-thumbnail","hentry","category-educacion"],"_links":{"self":[{"href":"https:\/\/fmtinkunaco.ar\/index.php?rest_route=\/wp\/v2\/posts\/5725","targetHints":{"allow":["GET"]}}],"collection":[{"href":"https:\/\/fmtinkunaco.ar\/index.php?rest_route=\/wp\/v2\/posts"}],"about":[{"href":"https:\/\/fmtinkunaco.ar\/index.php?rest_route=\/wp\/v2\/types\/post"}],"author":[{"embeddable":true,"href":"https:\/\/fmtinkunaco.ar\/index.php?rest_route=\/wp\/v2\/users\/1"}],"replies":[{"embeddable":true,"href":"https:\/\/fmtinkunaco.ar\/index.php?rest_route=%2Fwp%2Fv2%2Fcomments&post=5725"}],"version-history":[{"count":0,"href":"https:\/\/fmtinkunaco.ar\/index.php?rest_route=\/wp\/v2\/posts\/5725\/revisions"}],"wp:featuredmedia":[{"embeddable":true,"href":"https:\/\/fmtinkunaco.ar\/index.php?rest_route=\/"}],"wp:attachment":[{"href":"https:\/\/fmtinkunaco.ar\/index.php?rest_route=%2Fwp%2Fv2%2Fmedia&parent=5725"}],"wp:term":[{"taxonomy":"category","embeddable":true,"href":"https:\/\/fmtinkunaco.ar\/index.php?rest_route=%2Fwp%2Fv2%2Fcategories&post=5725"},{"taxonomy":"post_tag","embeddable":true,"href":"https:\/\/fmtinkunaco.ar\/index.php?rest_route=%2Fwp%2Fv2%2Ftags&post=5725"}],"curies":[{"name":"wp","href":"https:\/\/api.w.org\/{rel}","templated":true}]}}