{"id":5750,"date":"2023-08-30T11:48:10","date_gmt":"2023-08-30T14:48:10","guid":{"rendered":"https:\/\/fmtinkunaco.com.ar\/?p=5750"},"modified":"2023-08-30T11:48:10","modified_gmt":"2023-08-30T14:48:10","slug":"panel-y-debate-por-que-el-sistema-de-vouchers-no-es-la-solucion-a-los-problemas-de-la-educacion-argentina","status":"publish","type":"post","link":"https:\/\/fmtinkunaco.ar\/?p=5750","title":{"rendered":"Panel y Debate: Por qu\u00e9 el sistema de vouchers no es la soluci\u00f3n a los problemas de la educaci\u00f3n argentina"},"content":{"rendered":"<p>El pr\u00f3ximo s\u00e1bado 2 de septiembre se realizar\u00e1 el <strong><em>Panel \u2013 Debate Por qu\u00e9 el sistema de vouchers no es la soluci\u00f3n a los problemas de la educaci\u00f3n argentina<\/em><\/strong> en la sede de San Miguel de la Universidad de Luj\u00e1n, a partir de las 10hs.<\/p>\n<p>Mar\u00eda Betania Oreja Cerruti, Profesora Adjunta de Pol\u00edtica Educativa e integrante de la organizaci\u00f3n de esta actividad, se refiri\u00f3 al motivo de la misma <em>\u201cVemos con bastante preocupaci\u00f3n c\u00f3mo se fue instalando en el \u00faltimo a\u00f1o, o a\u00f1os, con m\u00e1s intensidad en este a\u00f1o, la posibilidad de que se instale en Argentina un sistema de vouchers que es la principal propuesta que tiene para educaci\u00f3n el partido de la libertad avanza, el partido libertario de Milei. En su plataforma tiene ese planteo casi \u00fanico para educaci\u00f3n y es un sistema que profundizar\u00eda las desigualdades ya existentes en nuestro sistema educativo, por lo cual nos parec\u00eda importante, fundamental discutir, conocer de qu\u00e9 se trata este sistema, d\u00f3nde surgi\u00f3, quien lo dise\u00f1o, en que pa\u00edses se implement\u00f3 y por eso estamos organizando el panel\u201d.<\/em><\/p>\n<p>Oreja Cerruti, adem\u00e1s, remarco a quienes est\u00e1 destinado <em>\u201cA p\u00fablico en general, a nosotros nos parece que es fundamental que conozcamos y que podamos tener elementos para discutir; pueden ser docentes, estudiantes, familias, p\u00fablico en general y todo aquel que quiera informarse m\u00e1s respecto del sistema\u201d.<\/em><\/p>\n<p>El panel contar\u00e1 con la presencia de Felipe Burgos, Asesor de sindicatos docentes de Chile y miembro del movimiento estudiantil chileno del 2011, quien dar\u00e1 detalles de la experiencia en el pa\u00eds vecino.<\/p>\n<p>La invitaci\u00f3n es el s\u00e1bado 2 de septiembre, a partir de las 10hs, en la sede de la Universidad Nacional de Luj\u00e1n de San Miguel \u2013 Balb\u00edn y Far\u00edas.<\/p>\n<p>Entrevista completa realizada en el noticiero Encuentro con las Noticias<\/p>\n<p><a href=\"https:\/\/archive.org\/details\/audio-maria-betania-oreja-cerruti-30-08\">Descargar<\/a><\/p>\n<audio class=\"wp-audio-shortcode\" id=\"audio-5750-2\" preload=\"none\" style=\"width: 100%;\" controls=\"controls\"><source type=\"audio\/mpeg\" src=\"https:\/\/archive.org\/download\/audio-maria-betania-oreja-cerruti-30-08\/AUDIO%20-%20MARIA%20BETANIA%20OREJA%20CERRUTI%2030%2008%20.mp3?_=2\" \/><a href=\"https:\/\/archive.org\/download\/audio-maria-betania-oreja-cerruti-30-08\/AUDIO%20-%20MARIA%20BETANIA%20OREJA%20CERRUTI%2030%2008%20.mp3\">https:\/\/archive.org\/download\/audio-maria-betania-oreja-cerruti-30-08\/AUDIO%20-%20MARIA%20BETANIA%20OREJA%20CERRUTI%2030%2008%20.mp3<\/a><\/audio>\n<div class=\"powerpress_player\" id=\"powerpress_player_5058\"><audio class=\"wp-audio-shortcode\" id=\"audio-5750-1\" preload=\"none\" style=\"width: 100%;\" controls=\"controls\"><source type=\"audio\/mpeg\" src=\"https:\/\/archive.org\/download\/audio-maria-betania-oreja-cerruti-30-08\/AUDIO%20-%20MARIA%20BETANIA%20OREJA%20CERRUTI%2030%2008%20.mp3?_=1\" \/><a href=\"https:\/\/archive.org\/download\/audio-maria-betania-oreja-cerruti-30-08\/AUDIO%20-%20MARIA%20BETANIA%20OREJA%20CERRUTI%2030%2008%20.mp3\">https:\/\/archive.org\/download\/audio-maria-betania-oreja-cerruti-30-08\/AUDIO%20-%20MARIA%20BETANIA%20OREJA%20CERRUTI%2030%2008%20.mp3<\/a><\/audio><\/div><p class=\"powerpress_links powerpress_links_mp3\" style=\"margin-bottom: 1px !important;\">Podcast: <a href=\"https:\/\/archive.org\/download\/audio-maria-betania-oreja-cerruti-30-08\/AUDIO%20-%20MARIA%20BETANIA%20OREJA%20CERRUTI%2030%2008%20.mp3\" class=\"powerpress_link_pinw\" target=\"_blank\" title=\"Reproducir en una nueva ventana\" onclick=\"return powerpress_pinw('https:\/\/fmtinkunaco.ar\/?powerpress_pinw=5750-podcast');\" rel=\"nofollow\">Reproducir en una nueva ventana<\/a> | <a href=\"https:\/\/archive.org\/download\/audio-maria-betania-oreja-cerruti-30-08\/AUDIO%20-%20MARIA%20BETANIA%20OREJA%20CERRUTI%2030%2008%20.mp3\" class=\"powerpress_link_d\" title=\"Descargar\" rel=\"nofollow\" download=\"AUDIO%20-%20MARIA%20BETANIA%20OREJA%20CERRUTI%2030%2008%20.mp3\">Descargar<\/a><\/p>","protected":false},"excerpt":{"rendered":"<p>El pr\u00f3ximo s\u00e1bado 2 de septiembre se realizar\u00e1 el Panel \u2013 Debate Por qu\u00e9 el sistema de vouchers no es la soluci\u00f3n a los problemas de la educaci\u00f3n argentina en la sede de San Miguel de la Universidad de Luj\u00e1n, a partir de las 10hs. Mar\u00eda Betania Oreja Cerruti, Profesora Adjunta de Pol\u00edtica Educativa e [&hellip;]<\/p>\n","protected":false},"author":1,"featured_media":5751,"comment_status":"open","ping_status":"open","sticky":false,"template":"","format":"standard","meta":{"footnotes":""},"categories":[5],"tags":[],"class_list":["post-5750","post","type-post","status-publish","format-standard","has-post-thumbnail","hentry","category-educacion"],"_links":{"self":[{"href":"https:\/\/fmtinkunaco.ar\/index.php?rest_route=\/wp\/v2\/posts\/5750","targetHints":{"allow":["GET"]}}],"collection":[{"href":"https:\/\/fmtinkunaco.ar\/index.php?rest_route=\/wp\/v2\/posts"}],"about":[{"href":"https:\/\/fmtinkunaco.ar\/index.php?rest_route=\/wp\/v2\/types\/post"}],"author":[{"embeddable":true,"href":"https:\/\/fmtinkunaco.ar\/index.php?rest_route=\/wp\/v2\/users\/1"}],"replies":[{"embeddable":true,"href":"https:\/\/fmtinkunaco.ar\/index.php?rest_route=%2Fwp%2Fv2%2Fcomments&post=5750"}],"version-history":[{"count":0,"href":"https:\/\/fmtinkunaco.ar\/index.php?rest_route=\/wp\/v2\/posts\/5750\/revisions"}],"wp:featuredmedia":[{"embeddable":true,"href":"https:\/\/fmtinkunaco.ar\/index.php?rest_route=\/"}],"wp:attachment":[{"href":"https:\/\/fmtinkunaco.ar\/index.php?rest_route=%2Fwp%2Fv2%2Fmedia&parent=5750"}],"wp:term":[{"taxonomy":"category","embeddable":true,"href":"https:\/\/fmtinkunaco.ar\/index.php?rest_route=%2Fwp%2Fv2%2Fcategories&post=5750"},{"taxonomy":"post_tag","embeddable":true,"href":"https:\/\/fmtinkunaco.ar\/index.php?rest_route=%2Fwp%2Fv2%2Ftags&post=5750"}],"curies":[{"name":"wp","href":"https:\/\/api.w.org\/{rel}","templated":true}]}}