{"id":5753,"date":"2023-08-31T12:51:13","date_gmt":"2023-08-31T15:51:13","guid":{"rendered":"https:\/\/fmtinkunaco.com.ar\/?p=5753"},"modified":"2023-08-31T12:51:13","modified_gmt":"2023-08-31T15:51:13","slug":"ultima-reunion-organizadora-del-encuentro-regional-de-mujeres-lesbianas-bisexuales-travestis-trans-intersex-y-no-binaries","status":"publish","type":"post","link":"https:\/\/fmtinkunaco.ar\/?p=5753","title":{"rendered":"\u00daltima reuni\u00f3n organizadora del Encuentro Regional de Mujeres, Lesbianas, Bisexuales, Travestis, Trans, Intersex y No binaries"},"content":{"rendered":"<p>El Encuentro Regional de Mujeres, Lesbianas, Bisexuales, Travestis, Trans, Intersex y No binaries del conurbano oeste y noroeste se realizar\u00e1 el pr\u00f3ximo s\u00e1bado 9 de septiembre en el Colegio Nacional de San Miguel y tendr\u00e1 su \u00faltima reuni\u00f3n organizadora el pr\u00f3ximo s\u00e1bado 2 de septiembre.<\/p>\n<p>Maribel Raimondi, es integrante de la organizaci\u00f3n del Encuentro Regional, describi\u00f3 c\u00f3mo est\u00e1n viviendo la instancia previa <em>\u201cEstos \u00faltimos d\u00edas se est\u00e1 viviendo con la ansiedad de que ya estamos en la recta final, falta nada, ya es como una vuelta final, as\u00ed que lo estamos viviendo con mucha ansiedad, el s\u00e1bado va a ser la \u00faltima reuni\u00f3n de la comisi\u00f3n organizadora previa al encuentro, as\u00ed que s\u00faper organizadas, armoniosamente, porque todo fue fluyendo m\u00e1gicamente este a\u00f1o en el regional\u201d.<\/em><\/p>\n<p>Raimondi, adem\u00e1s, explic\u00f3 la importancia de que el encuentro se realice en el municipio de San Miguel<em> \u201cSobretodo porque San Miguel es considerado como el laboratorio de las pol\u00edticas anti derechos que luego se terminan como aplicando en el pa\u00eds, como que primero se prueba en San Miguel\u201d.<\/em><\/p>\n<p>Finalmente, Maribel Raimondi, remarco <em>\u201cSon 40 talleres que se van a brindar, algunos por la ma\u00f1ana, otros despu\u00e9s del mediod\u00eda, van a haber charlas. Los talleres se van a hacer sobre la l\u00f3gica de un tema, sobre los ejes y la idea es que todas las personas que participen de los talleres puedan aportar desde su experiencia, desde lo que conocen\u201d.<\/em><\/p>\n<p>La \u00faltima reuni\u00f3n ser\u00e1 el 2 de septiembre, a partir de las 14hs, en el Centro Cultural de la Universidad Nacional de General Sarmiento \u2013 Roca 850.<\/p>\n<p>Y el encuentro ser\u00e1 el 9 de septiembre, en el Colegio Nacional \u2013 Avenida Presidente Per\u00f3n 2030 \u2013 a partir de las 9hs. Para participar te podes inscribir <a href=\"https:\/\/docs.google.com\/forms\/d\/e\/1FAIpQLSc30qBLdDfY6qgrLqXeW6kmdePzpLWCxw9mDfvYexHGgOSEqQ\/viewform?fbclid=IwAR19f6B6oS8P3cNTtA78WSt_QryFnu7kxbxeKoaCGExzgjzXRuG_w2ATYJs\">aqu\u00ed.<\/a><\/p>\n<p>Entrevista completa realizada en el noticiero Encuentro con las Noticias<\/p>\n<p><a href=\"https:\/\/archive.org\/details\/audio-maribel-raimondi-31-08\">Descargar<\/a><\/p>\n<audio class=\"wp-audio-shortcode\" id=\"audio-5753-2\" preload=\"none\" style=\"width: 100%;\" controls=\"controls\"><source type=\"audio\/mpeg\" src=\"https:\/\/archive.org\/download\/audio-maribel-raimondi-31-08\/AUDIO%20-%20MARIBEL%20RAIMONDI%2031%2008.mp3?_=2\" \/><a href=\"https:\/\/archive.org\/download\/audio-maribel-raimondi-31-08\/AUDIO%20-%20MARIBEL%20RAIMONDI%2031%2008.mp3\">https:\/\/archive.org\/download\/audio-maribel-raimondi-31-08\/AUDIO%20-%20MARIBEL%20RAIMONDI%2031%2008.mp3<\/a><\/audio>\n<div class=\"powerpress_player\" id=\"powerpress_player_2430\"><audio class=\"wp-audio-shortcode\" id=\"audio-5753-1\" preload=\"none\" style=\"width: 100%;\" controls=\"controls\"><source type=\"audio\/mpeg\" src=\"https:\/\/archive.org\/download\/audio-maribel-raimondi-31-08\/AUDIO%20-%20MARIBEL%20RAIMONDI%2031%2008.mp3?_=1\" \/><a href=\"https:\/\/archive.org\/download\/audio-maribel-raimondi-31-08\/AUDIO%20-%20MARIBEL%20RAIMONDI%2031%2008.mp3\">https:\/\/archive.org\/download\/audio-maribel-raimondi-31-08\/AUDIO%20-%20MARIBEL%20RAIMONDI%2031%2008.mp3<\/a><\/audio><\/div><p class=\"powerpress_links powerpress_links_mp3\" style=\"margin-bottom: 1px !important;\">Podcast: <a href=\"https:\/\/archive.org\/download\/audio-maribel-raimondi-31-08\/AUDIO%20-%20MARIBEL%20RAIMONDI%2031%2008.mp3\" class=\"powerpress_link_pinw\" target=\"_blank\" title=\"Reproducir en una nueva ventana\" onclick=\"return powerpress_pinw('https:\/\/fmtinkunaco.ar\/?powerpress_pinw=5753-podcast');\" rel=\"nofollow\">Reproducir en una nueva ventana<\/a> | <a href=\"https:\/\/archive.org\/download\/audio-maribel-raimondi-31-08\/AUDIO%20-%20MARIBEL%20RAIMONDI%2031%2008.mp3\" class=\"powerpress_link_d\" title=\"Descargar\" rel=\"nofollow\" download=\"AUDIO%20-%20MARIBEL%20RAIMONDI%2031%2008.mp3\">Descargar<\/a><\/p>","protected":false},"excerpt":{"rendered":"<p>El Encuentro Regional de Mujeres, Lesbianas, Bisexuales, Travestis, Trans, Intersex y No binaries del conurbano oeste y noroeste se realizar\u00e1 el pr\u00f3ximo s\u00e1bado 9 de septiembre en el Colegio Nacional de San Miguel y tendr\u00e1 su \u00faltima reuni\u00f3n organizadora el pr\u00f3ximo s\u00e1bado 2 de septiembre. Maribel Raimondi, es integrante de la organizaci\u00f3n del Encuentro Regional, [&hellip;]<\/p>\n","protected":false},"author":1,"featured_media":5754,"comment_status":"open","ping_status":"open","sticky":false,"template":"","format":"standard","meta":{"footnotes":""},"categories":[6],"tags":[],"class_list":["post-5753","post","type-post","status-publish","format-standard","has-post-thumbnail","hentry","category-genero"],"_links":{"self":[{"href":"https:\/\/fmtinkunaco.ar\/index.php?rest_route=\/wp\/v2\/posts\/5753","targetHints":{"allow":["GET"]}}],"collection":[{"href":"https:\/\/fmtinkunaco.ar\/index.php?rest_route=\/wp\/v2\/posts"}],"about":[{"href":"https:\/\/fmtinkunaco.ar\/index.php?rest_route=\/wp\/v2\/types\/post"}],"author":[{"embeddable":true,"href":"https:\/\/fmtinkunaco.ar\/index.php?rest_route=\/wp\/v2\/users\/1"}],"replies":[{"embeddable":true,"href":"https:\/\/fmtinkunaco.ar\/index.php?rest_route=%2Fwp%2Fv2%2Fcomments&post=5753"}],"version-history":[{"count":0,"href":"https:\/\/fmtinkunaco.ar\/index.php?rest_route=\/wp\/v2\/posts\/5753\/revisions"}],"wp:featuredmedia":[{"embeddable":true,"href":"https:\/\/fmtinkunaco.ar\/index.php?rest_route=\/wp\/v2\/menu-items\/5754"}],"wp:attachment":[{"href":"https:\/\/fmtinkunaco.ar\/index.php?rest_route=%2Fwp%2Fv2%2Fmedia&parent=5753"}],"wp:term":[{"taxonomy":"category","embeddable":true,"href":"https:\/\/fmtinkunaco.ar\/index.php?rest_route=%2Fwp%2Fv2%2Fcategories&post=5753"},{"taxonomy":"post_tag","embeddable":true,"href":"https:\/\/fmtinkunaco.ar\/index.php?rest_route=%2Fwp%2Fv2%2Ftags&post=5753"}],"curies":[{"name":"wp","href":"https:\/\/api.w.org\/{rel}","templated":true}]}}