{"id":586,"date":"2010-11-10T11:30:00","date_gmt":"2010-11-10T14:30:00","guid":{"rendered":"http:\/\/fmtinkunaco.redelivre.org.br\/fm-suenos-es-una-realidad\/"},"modified":"2010-11-10T11:30:00","modified_gmt":"2010-11-10T14:30:00","slug":"fm-suenos-es-una-realidad","status":"publish","type":"post","link":"https:\/\/fmtinkunaco.ar\/?p=586","title":{"rendered":"FM Sue\u00f1os es una realidad"},"content":{"rendered":"<p>El domingo 7 de Noviembre del 2010 comenz\u00f3 a funcionar oficialmente la Radio Comunitaria FM Sue\u00f1os 104.5 Mhz, La Radio del Reencuentro, en Las Vertientes Provincia de Cordoba.<\/p>\n<p>Es una inmensa alegr\u00eda para nosotros\/as el nacimiento de esta nueva voz, de este espacio en el que los j\u00f3venes de Las Vertientes sin dudas ser\u00e1n protagonistas de una porci\u00f3n de la historia. Gracias a ellos\/as por permitirnos ser parte de esta historia.<\/p>\n","protected":false},"excerpt":{"rendered":"<p>El domingo 7 de Noviembre del 2010 comenz\u00f3 a funcionar oficialmente la Radio Comunitaria FM Sue\u00f1os 104.5 Mhz, La Radio del Reencuentro, en Las Vertientes Provincia de Cordoba. Es una inmensa alegr\u00eda para nosotros\/as el nacimiento de esta nueva voz, de este espacio en el que los j\u00f3venes de Las Vertientes sin dudas ser\u00e1n protagonistas [&hellip;]<\/p>\n","protected":false},"author":1,"featured_media":0,"comment_status":"open","ping_status":"open","sticky":false,"template":"","format":"standard","meta":{"footnotes":""},"categories":[8],"tags":[],"class_list":["post-586","post","type-post","status-publish","format-standard","hentry","category-sem-categoria"],"_links":{"self":[{"href":"https:\/\/fmtinkunaco.ar\/index.php?rest_route=\/wp\/v2\/posts\/586","targetHints":{"allow":["GET"]}}],"collection":[{"href":"https:\/\/fmtinkunaco.ar\/index.php?rest_route=\/wp\/v2\/posts"}],"about":[{"href":"https:\/\/fmtinkunaco.ar\/index.php?rest_route=\/wp\/v2\/types\/post"}],"author":[{"embeddable":true,"href":"https:\/\/fmtinkunaco.ar\/index.php?rest_route=\/wp\/v2\/users\/1"}],"replies":[{"embeddable":true,"href":"https:\/\/fmtinkunaco.ar\/index.php?rest_route=%2Fwp%2Fv2%2Fcomments&post=586"}],"version-history":[{"count":0,"href":"https:\/\/fmtinkunaco.ar\/index.php?rest_route=\/wp\/v2\/posts\/586\/revisions"}],"wp:attachment":[{"href":"https:\/\/fmtinkunaco.ar\/index.php?rest_route=%2Fwp%2Fv2%2Fmedia&parent=586"}],"wp:term":[{"taxonomy":"category","embeddable":true,"href":"https:\/\/fmtinkunaco.ar\/index.php?rest_route=%2Fwp%2Fv2%2Fcategories&post=586"},{"taxonomy":"post_tag","embeddable":true,"href":"https:\/\/fmtinkunaco.ar\/index.php?rest_route=%2Fwp%2Fv2%2Ftags&post=586"}],"curies":[{"name":"wp","href":"https:\/\/api.w.org\/{rel}","templated":true}]}}