{"id":5860,"date":"2023-10-16T20:02:52","date_gmt":"2023-10-16T23:02:52","guid":{"rendered":"https:\/\/fmtinkunaco.ar\/?p=5860"},"modified":"2023-10-16T20:02:52","modified_gmt":"2023-10-16T23:02:52","slug":"continua-la-lucha-de-la-comunidad-del-instituto-de-formacion-docente-n36-por-un-edificio-propio","status":"publish","type":"post","link":"https:\/\/fmtinkunaco.ar\/?p=5860","title":{"rendered":"Contin\u00faa la lucha de la comunidad del Instituto de Formaci\u00f3n Docente N\u00b036 por un edificio propio"},"content":{"rendered":"\n<figure class=\"wp-block-image size-full\"><img loading=\"lazy\" decoding=\"async\" width=\"854\" height=\"465\" src=\"https:\/\/fmtinkunaco.ar\/wp-content\/uploads\/2023\/10\/image-1.png\" alt=\"\" class=\"wp-image-5861\" srcset=\"https:\/\/fmtinkunaco.ar\/wp-content\/uploads\/2023\/10\/image-1.png 854w, https:\/\/fmtinkunaco.ar\/wp-content\/uploads\/2023\/10\/image-1-300x163.png 300w, https:\/\/fmtinkunaco.ar\/wp-content\/uploads\/2023\/10\/image-1-768x418.png 768w\" sizes=\"auto, (max-width: 854px) 100vw, 854px\" \/><\/figure>\n\n\n\n<p>La comunidad docente y estudiantil del Instituto de Formaci\u00f3n Docente N\u00b036 del partido de Jos\u00e9. C. Paz contin\u00faa la lucha de a\u00f1os por un edificio propio.<\/p>\n\n\n\n<p>Actualmente, el instituto se encuentra desarrolando sus actividades en edificios de diferentes escuelas secundarias.<\/p>\n\n\n\n<p>En este marco y frente a las diversas promesas incumplidas de un terreno y edificio que responda a sus demandas, la comunidad se manifest\u00f3 el pasado jueves frente a las puertas del municipio en busca de respuestas.<\/p>\n\n\n\n<p>Mar\u00eda Betania Oreja Cerruti, es docente del Instituto de Formaci\u00f3n Docente N\u00b036, y se refiri\u00f3 a la concentraci\u00f3n de la semana pasada \u201cEl jueves pasado que se cumplio un a\u00f1o de la promesa volvimos a la municipalidad, no se si porque eramos un poco mas o porque estamos cerca de las elecciones, no se muy bien porque pero nos recibio el secretario de gobierno. Lo que ellos nos dplantean es que efectivamente ellos avanzaron no con el tramite de sesion del terreno pero si con un proyecto qu eellos elevarian a la provincia de Buenos Aires para la construccion del edificio y de alguna manera ellos responsabilizan a la provincia, de que no avanzo porque la provincia no les dio el ok. Es llamativo de que si todo esto estaba en proceso porque no nos recibian para comunicarnoslo\u201d.<\/p>\n\n\n\n<p>Adem\u00e1s, Cerruti, relat\u00f3 \u201cAhora nosotros tenemos una reuni\u00f3n con un funcionario de la municipalidad que nos va a recibir para mostrarnos lo que ellos presentaron en La Plata y a partir de ahi seguiremos el reclamo para ver d\u00f3nde esta trabado, si es que esta trabado en La Plata o en el municipio\u201d.<\/p>\n\n\n\n<p>La comunidad del Instituto 36 tambi\u00e9n present\u00f3 una carta a la Jefatura de Inspecci\u00f3n Distrital exigiendo acompa\u00f1amiento en el reclamo y participaci\u00f3n m\u00e1s activa para garantizar la formaci\u00f3n docente.<\/p>\n","protected":false},"excerpt":{"rendered":"<p>La comunidad docente y estudiantil del Instituto de Formaci\u00f3n Docente N\u00b036 del partido de Jos\u00e9. C. Paz contin\u00faa la lucha de a\u00f1os por un edificio propio. Actualmente, el instituto se encuentra desarrolando sus actividades en edificios de diferentes escuelas secundarias. En este marco y frente a las diversas promesas incumplidas de un terreno y edificio [&hellip;]<\/p>\n","protected":false},"author":1,"featured_media":0,"comment_status":"open","ping_status":"open","sticky":false,"template":"","format":"standard","meta":{"footnotes":""},"categories":[5],"tags":[],"class_list":["post-5860","post","type-post","status-publish","format-standard","hentry","category-educacion"],"_links":{"self":[{"href":"https:\/\/fmtinkunaco.ar\/index.php?rest_route=\/wp\/v2\/posts\/5860","targetHints":{"allow":["GET"]}}],"collection":[{"href":"https:\/\/fmtinkunaco.ar\/index.php?rest_route=\/wp\/v2\/posts"}],"about":[{"href":"https:\/\/fmtinkunaco.ar\/index.php?rest_route=\/wp\/v2\/types\/post"}],"author":[{"embeddable":true,"href":"https:\/\/fmtinkunaco.ar\/index.php?rest_route=\/wp\/v2\/users\/1"}],"replies":[{"embeddable":true,"href":"https:\/\/fmtinkunaco.ar\/index.php?rest_route=%2Fwp%2Fv2%2Fcomments&post=5860"}],"version-history":[{"count":1,"href":"https:\/\/fmtinkunaco.ar\/index.php?rest_route=\/wp\/v2\/posts\/5860\/revisions"}],"predecessor-version":[{"id":5862,"href":"https:\/\/fmtinkunaco.ar\/index.php?rest_route=\/wp\/v2\/posts\/5860\/revisions\/5862"}],"wp:attachment":[{"href":"https:\/\/fmtinkunaco.ar\/index.php?rest_route=%2Fwp%2Fv2%2Fmedia&parent=5860"}],"wp:term":[{"taxonomy":"category","embeddable":true,"href":"https:\/\/fmtinkunaco.ar\/index.php?rest_route=%2Fwp%2Fv2%2Fcategories&post=5860"},{"taxonomy":"post_tag","embeddable":true,"href":"https:\/\/fmtinkunaco.ar\/index.php?rest_route=%2Fwp%2Fv2%2Ftags&post=5860"}],"curies":[{"name":"wp","href":"https:\/\/api.w.org\/{rel}","templated":true}]}}