{"id":5875,"date":"2023-10-16T20:08:18","date_gmt":"2023-10-16T23:08:18","guid":{"rendered":"https:\/\/fmtinkunaco.ar\/?p=5875"},"modified":"2023-10-16T20:08:18","modified_gmt":"2023-10-16T23:08:18","slug":"5-edicion-de-la-expo-cultural-lutheria","status":"publish","type":"post","link":"https:\/\/fmtinkunaco.ar\/?p=5875","title":{"rendered":"5\u00b0 edici\u00f3n de la Expo Cultural Lutheria"},"content":{"rendered":"\n<figure class=\"wp-block-image size-large\"><img loading=\"lazy\" decoding=\"async\" width=\"1024\" height=\"1024\" src=\"https:\/\/fmtinkunaco.ar\/wp-content\/uploads\/2023\/10\/image-7-1024x1024.png\" alt=\"\" class=\"wp-image-5877\" srcset=\"https:\/\/fmtinkunaco.ar\/wp-content\/uploads\/2023\/10\/image-7-1024x1024.png 1024w, https:\/\/fmtinkunaco.ar\/wp-content\/uploads\/2023\/10\/image-7-300x300.png 300w, https:\/\/fmtinkunaco.ar\/wp-content\/uploads\/2023\/10\/image-7-150x150.png 150w, https:\/\/fmtinkunaco.ar\/wp-content\/uploads\/2023\/10\/image-7-768x768.png 768w, https:\/\/fmtinkunaco.ar\/wp-content\/uploads\/2023\/10\/image-7.png 1080w\" sizes=\"auto, (max-width: 1024px) 100vw, 1024px\" \/><\/figure>\n\n\n\n<p>Este s\u00e1bado 07\/10, a partir de las 11:00 hasta las 19:00 va a tener lugar la 5\u00b0 edici\u00f3n de la Expo Cultural Lutheria, un eventos musical con exposiciones de fabricantes de instrumentos, equipamientos y accesorios de producci\u00f3n nacional.<br>Tambi\u00e9n cuenta con m\u00fasica en vivo de la mano de Contrapiso Rock a las 14:30 y Franco Luciani a las 18:00 como cierre.<br>Esta jornada se va a llevar acabo en el Microespacio Cultural UNGS<br>(Jos\u00e9 Le\u00f3n Su\u00e1rez 1751, Los Polvorines).<br>La entrada es libre y gratuita.<\/p>\n","protected":false},"excerpt":{"rendered":"<p>Este s\u00e1bado 07\/10, a partir de las 11:00 hasta las 19:00 va a tener lugar la 5\u00b0 edici\u00f3n de la Expo Cultural Lutheria, un eventos musical con exposiciones de fabricantes de instrumentos, equipamientos y accesorios de producci\u00f3n nacional.Tambi\u00e9n cuenta con m\u00fasica en vivo de la mano de Contrapiso Rock a las 14:30 y Franco Luciani [&hellip;]<\/p>\n","protected":false},"author":1,"featured_media":0,"comment_status":"open","ping_status":"open","sticky":false,"template":"","format":"standard","meta":{"footnotes":""},"categories":[3,5],"tags":[],"class_list":["post-5875","post","type-post","status-publish","format-standard","hentry","category-cultura","category-educacion"],"_links":{"self":[{"href":"https:\/\/fmtinkunaco.ar\/index.php?rest_route=\/wp\/v2\/posts\/5875","targetHints":{"allow":["GET"]}}],"collection":[{"href":"https:\/\/fmtinkunaco.ar\/index.php?rest_route=\/wp\/v2\/posts"}],"about":[{"href":"https:\/\/fmtinkunaco.ar\/index.php?rest_route=\/wp\/v2\/types\/post"}],"author":[{"embeddable":true,"href":"https:\/\/fmtinkunaco.ar\/index.php?rest_route=\/wp\/v2\/users\/1"}],"replies":[{"embeddable":true,"href":"https:\/\/fmtinkunaco.ar\/index.php?rest_route=%2Fwp%2Fv2%2Fcomments&post=5875"}],"version-history":[{"count":1,"href":"https:\/\/fmtinkunaco.ar\/index.php?rest_route=\/wp\/v2\/posts\/5875\/revisions"}],"predecessor-version":[{"id":5878,"href":"https:\/\/fmtinkunaco.ar\/index.php?rest_route=\/wp\/v2\/posts\/5875\/revisions\/5878"}],"wp:attachment":[{"href":"https:\/\/fmtinkunaco.ar\/index.php?rest_route=%2Fwp%2Fv2%2Fmedia&parent=5875"}],"wp:term":[{"taxonomy":"category","embeddable":true,"href":"https:\/\/fmtinkunaco.ar\/index.php?rest_route=%2Fwp%2Fv2%2Fcategories&post=5875"},{"taxonomy":"post_tag","embeddable":true,"href":"https:\/\/fmtinkunaco.ar\/index.php?rest_route=%2Fwp%2Fv2%2Ftags&post=5875"}],"curies":[{"name":"wp","href":"https:\/\/api.w.org\/{rel}","templated":true}]}}