{"id":5887,"date":"2023-10-16T20:13:25","date_gmt":"2023-10-16T23:13:25","guid":{"rendered":"https:\/\/fmtinkunaco.ar\/?p=5887"},"modified":"2023-10-17T10:16:23","modified_gmt":"2023-10-17T13:16:23","slug":"la-biblioteca-palabras-del-alma-presento-nacidas-del-barro","status":"publish","type":"post","link":"https:\/\/fmtinkunaco.ar\/?p=5887","title":{"rendered":"La Biblioteca Palabras del Alma present\u00f3 \u201cNacidas del Barro\u201d"},"content":{"rendered":"\n<figure class=\"wp-block-image size-large\"><img loading=\"lazy\" decoding=\"async\" width=\"1024\" height=\"660\" src=\"https:\/\/fmtinkunaco.ar\/wp-content\/uploads\/2023\/10\/image-10-1024x660.png\" alt=\"\" class=\"wp-image-5888\" srcset=\"https:\/\/fmtinkunaco.ar\/wp-content\/uploads\/2023\/10\/image-10-1024x660.png 1024w, https:\/\/fmtinkunaco.ar\/wp-content\/uploads\/2023\/10\/image-10-300x193.png 300w, https:\/\/fmtinkunaco.ar\/wp-content\/uploads\/2023\/10\/image-10-768x495.png 768w, https:\/\/fmtinkunaco.ar\/wp-content\/uploads\/2023\/10\/image-10.png 1071w\" sizes=\"auto, (max-width: 1024px) 100vw, 1024px\" \/><\/figure>\n\n\n\n<p>La Biblioteca Popular Palabras del Alma, ubicada en Barrio Peruzzotti de Pilar, present\u00f3 la obra \u201cNacidas del Barro\u201d en el marco de los 40 a\u00f1os de Teatro Comunitario y Democracia.<\/p>\n\n\n\n<p>Hern\u00e1n Nem\u00ed, referente de Palabras del Alma, se refiri\u00f3 a la presentaci\u00f3n de esta obra realizada por vecinas y vecinos del barrio \u201cEstrenamos Nacidas del Barro, es una historia de nuestro grupo de teatro comunitario, somos 35 vecinos y vecinas de 4 a 87 a\u00f1os y la obra se llama Nacidas del Barro y las nacidas del barro son las mujeres del barrio Peruzzotti. Nos parece que el teatro que viene contando tantas historias de mujeres, en los \u00faltimos a\u00f1os, se deb\u00eda todav\u00eda contar historias de mujeres de un barrio popular, de un barrio pobre, de estas mujeres que tienen 10 hijos, que muchas veces los cr\u00edan sin la presencia de los padres, mujeres que llegan desde el interior, con una mano atr\u00e1s y otra adelante y tiene que construir su historia en barrios muy humildes; bueno nos parece que esas historias todav\u00eda el teatro no las hab\u00eda contado. Entonces a comienzos de este a\u00f1o, en abril y mayo, invitamos a las vecinas de barrio Peruzzotti a contarnos sus historias de vida y a partir de eso naci\u00f3 esta obra\u201d.<\/p>\n\n\n\n<p>Nem\u00ed, adem\u00e1s, adelant\u00f3 que en el mes de noviembre esperan poder presentar la obra nuevamente \u201cEn noviembre, seguramente, va a haber alguna funci\u00f3n m\u00e1s en la biblioteca, seguramente va a haber alguna funci\u00f3n m\u00e1s en el Teatro \u00c1ngel Alonso de Pilar y, seguramente, va a haber alguna funci\u00f3n en alg\u00fan otro lado; as\u00ed que va a haber en el mes de noviembre varias oportunidades de ver Nacidas del Barro\u201d.<\/p>\n\n\n\n<p>Adem\u00e1s, en paralelo, la biblioteca est\u00e1 en plena organizaci\u00f3n de lo que ser\u00e1 la Pe\u00f1a \u201cCinco Siglos Resistiendo\u201d el viernes 13 de octubre a partir de las 20.30hs en el Centro Cultural el Kadri (Caseros).<\/p>\n\n\n\n<p>La pe\u00f1a tiene el objetivo de recaudar fondos para las comunidades guaran\u00edes en Misiones, as\u00ed lo explic\u00f3 Hern\u00e1n Nem\u00ed \u201cEst\u00e1 propuesta surge por una necesidad concreta; la biblioteca acompa\u00f1a a un mont\u00f3n de comunidades guaran\u00edes en Misiones y este fin de semana del 12 de octubre es un espacio de encuentro y de capacitaci\u00f3n, a pesar de que nosotros estamos muy cortos econ\u00f3micamente los guaran\u00edes tienen muchas cuestiones para conversar entre ellos, para tomar decisiones, quieren conversar antes de las elecciones tambien, asi que era muy importante que este fin de semana la biblioteca pudiera generar este espacio de encuentro en Misiones.<\/p>\n\n\n\n<p>(\u2026) La biblioteca lo que hace es garantizar la comida y pagar los colectivos; la realidad es que en este momento nosotros no llegamos con los recursos, as\u00ed que bueno algunos decidimos adelantar plata de nuestros bolsillos y este fin de semana aprovechando la fecha, vamos a hacer una pe\u00f1a cuyo objetivo desde lo econ\u00f3mico es recuperar ese dinero y generar algun dinero m\u00e1s para la capacitaci\u00f3n y desde lo m\u00e1s espiritual es encontrarnos y cantar, escuchar poes\u00edas y testimonios de pueblos originarios y no olvidar el sentido del 12 de octubre como primer d\u00eda de resistencia\u201d.<\/p>\n","protected":false},"excerpt":{"rendered":"<p>La Biblioteca Popular Palabras del Alma, ubicada en Barrio Peruzzotti de Pilar, present\u00f3 la obra \u201cNacidas del Barro\u201d en el marco de los 40 a\u00f1os de Teatro Comunitario y Democracia. Hern\u00e1n Nem\u00ed, referente de Palabras del Alma, se refiri\u00f3 a la presentaci\u00f3n de esta obra realizada por vecinas y vecinos del barrio \u201cEstrenamos Nacidas del [&hellip;]<\/p>\n","protected":false},"author":1,"featured_media":0,"comment_status":"open","ping_status":"open","sticky":false,"template":"","format":"standard","meta":{"footnotes":""},"categories":[3],"tags":[],"class_list":["post-5887","post","type-post","status-publish","format-standard","hentry","category-cultura"],"_links":{"self":[{"href":"https:\/\/fmtinkunaco.ar\/index.php?rest_route=\/wp\/v2\/posts\/5887","targetHints":{"allow":["GET"]}}],"collection":[{"href":"https:\/\/fmtinkunaco.ar\/index.php?rest_route=\/wp\/v2\/posts"}],"about":[{"href":"https:\/\/fmtinkunaco.ar\/index.php?rest_route=\/wp\/v2\/types\/post"}],"author":[{"embeddable":true,"href":"https:\/\/fmtinkunaco.ar\/index.php?rest_route=\/wp\/v2\/users\/1"}],"replies":[{"embeddable":true,"href":"https:\/\/fmtinkunaco.ar\/index.php?rest_route=%2Fwp%2Fv2%2Fcomments&post=5887"}],"version-history":[{"count":1,"href":"https:\/\/fmtinkunaco.ar\/index.php?rest_route=\/wp\/v2\/posts\/5887\/revisions"}],"predecessor-version":[{"id":5889,"href":"https:\/\/fmtinkunaco.ar\/index.php?rest_route=\/wp\/v2\/posts\/5887\/revisions\/5889"}],"wp:attachment":[{"href":"https:\/\/fmtinkunaco.ar\/index.php?rest_route=%2Fwp%2Fv2%2Fmedia&parent=5887"}],"wp:term":[{"taxonomy":"category","embeddable":true,"href":"https:\/\/fmtinkunaco.ar\/index.php?rest_route=%2Fwp%2Fv2%2Fcategories&post=5887"},{"taxonomy":"post_tag","embeddable":true,"href":"https:\/\/fmtinkunaco.ar\/index.php?rest_route=%2Fwp%2Fv2%2Ftags&post=5887"}],"curies":[{"name":"wp","href":"https:\/\/api.w.org\/{rel}","templated":true}]}}