{"id":5893,"date":"2023-10-16T20:15:03","date_gmt":"2023-10-16T23:15:03","guid":{"rendered":"https:\/\/fmtinkunaco.ar\/?p=5893"},"modified":"2023-10-17T10:15:53","modified_gmt":"2023-10-17T13:15:53","slug":"la-biblioteca-popular-paulo-freire-invita-al-festival-freirepalooza","status":"publish","type":"post","link":"https:\/\/fmtinkunaco.ar\/?p=5893","title":{"rendered":"La Biblioteca Popular Paulo Freire invita al \u201cFestival Freirepalooza\u201d"},"content":{"rendered":"\n<figure class=\"wp-block-image size-large\"><img loading=\"lazy\" decoding=\"async\" width=\"724\" height=\"1024\" src=\"https:\/\/fmtinkunaco.ar\/wp-content\/uploads\/2023\/10\/image-12-724x1024.png\" alt=\"\" class=\"wp-image-5894\" srcset=\"https:\/\/fmtinkunaco.ar\/wp-content\/uploads\/2023\/10\/image-12-724x1024.png 724w, https:\/\/fmtinkunaco.ar\/wp-content\/uploads\/2023\/10\/image-12-212x300.png 212w, https:\/\/fmtinkunaco.ar\/wp-content\/uploads\/2023\/10\/image-12-768x1086.png 768w, https:\/\/fmtinkunaco.ar\/wp-content\/uploads\/2023\/10\/image-12-1086x1536.png 1086w, https:\/\/fmtinkunaco.ar\/wp-content\/uploads\/2023\/10\/image-12.png 1131w\" sizes=\"auto, (max-width: 724px) 100vw, 724px\" \/><\/figure>\n\n\n\n<p>La Biblioteca Popular Paulo Freire, ubicada en barrio San Atilio \u2013 Jos\u00e9. C. Paz, invita al \u201cFestival Freirepalooza\u201d el pr\u00f3ximo s\u00e1bado 28 de octubre a partir de las 16hs.<\/p>\n\n\n\n<p>El festival contar\u00e1 con m\u00fasica, feria, juegos, comida y habr\u00e1 adem\u00e1s trabajos de la cooperativa \u201cBicopart\u201d.<\/p>\n\n\n\n<p>La biblioteca popular trabaja cotidianamente con adolescentes y j\u00f3venes, brind\u00e1ndoles propuestas de talleres de m\u00fasica, mural, apoyo escolar, recreaci\u00f3n, entre otras propuestas, con el objetivo de ser un espacio de contenci\u00f3n y ofrecerles herramientas para su desempe\u00f1o.<\/p>\n\n\n\n<p>Santiago Dalman, profesor del Ensamble musical de la biblioteca, se refiri\u00f3 a la propuesta del festival \u201cLa idea era hacer un festival para mostrar un poco el trabajo nuestro, del a\u00f1o, tambi\u00e9n invitar a otros talleres que est\u00e1n haciendo lo mismo que nosotros, en otras zonas\u201d.<\/p>\n\n\n\n<p>Pablo Gago, es profesor del Ensamble musical de la biblioteca, y explic\u00f3 la importancia de organizar estas iniciativas con las y los j\u00f3venes \u201cNuestra idea es m\u00e1s que nada acercar la noci\u00f3n de los festivales, porque nosotros trabajamos en otro espacio que se llama M\u00fasica Esperanza en Del Viso y ellos fueron a participar de los festivales; y ahora esta bueno que est\u00e9n del otro lado, que ellos reciban a dem\u00e1s organizaciones. Que esta bueno tocar, que sientan que son m\u00fasicos, m\u00fasicas, m\u00fasiques, y lo lindo de compartir la jornada con otros lugares. Que sepan que en otros lugares hay chicos y chiques como ellos que est\u00e1n aprendiendo a hacer m\u00fasica, que es un camino re lindo\u201d.<\/p>\n\n\n\n<p>La invitaci\u00f3n es para el pr\u00f3ximo s\u00e1bado 28 de octubre, a partir de las 16hs, en la Biblioteca Popular Paulo Freire ubicada en Cumana y Managua \u2013 barrio San Atilio, Jos\u00e9. C. Paz.<\/p>\n","protected":false},"excerpt":{"rendered":"<p>La Biblioteca Popular Paulo Freire, ubicada en barrio San Atilio \u2013 Jos\u00e9. C. Paz, invita al \u201cFestival Freirepalooza\u201d el pr\u00f3ximo s\u00e1bado 28 de octubre a partir de las 16hs. El festival contar\u00e1 con m\u00fasica, feria, juegos, comida y habr\u00e1 adem\u00e1s trabajos de la cooperativa \u201cBicopart\u201d. La biblioteca popular trabaja cotidianamente con adolescentes y j\u00f3venes, brind\u00e1ndoles [&hellip;]<\/p>\n","protected":false},"author":1,"featured_media":0,"comment_status":"open","ping_status":"open","sticky":false,"template":"","format":"standard","meta":{"footnotes":""},"categories":[3],"tags":[],"class_list":["post-5893","post","type-post","status-publish","format-standard","hentry","category-cultura"],"_links":{"self":[{"href":"https:\/\/fmtinkunaco.ar\/index.php?rest_route=\/wp\/v2\/posts\/5893","targetHints":{"allow":["GET"]}}],"collection":[{"href":"https:\/\/fmtinkunaco.ar\/index.php?rest_route=\/wp\/v2\/posts"}],"about":[{"href":"https:\/\/fmtinkunaco.ar\/index.php?rest_route=\/wp\/v2\/types\/post"}],"author":[{"embeddable":true,"href":"https:\/\/fmtinkunaco.ar\/index.php?rest_route=\/wp\/v2\/users\/1"}],"replies":[{"embeddable":true,"href":"https:\/\/fmtinkunaco.ar\/index.php?rest_route=%2Fwp%2Fv2%2Fcomments&post=5893"}],"version-history":[{"count":1,"href":"https:\/\/fmtinkunaco.ar\/index.php?rest_route=\/wp\/v2\/posts\/5893\/revisions"}],"predecessor-version":[{"id":5895,"href":"https:\/\/fmtinkunaco.ar\/index.php?rest_route=\/wp\/v2\/posts\/5893\/revisions\/5895"}],"wp:attachment":[{"href":"https:\/\/fmtinkunaco.ar\/index.php?rest_route=%2Fwp%2Fv2%2Fmedia&parent=5893"}],"wp:term":[{"taxonomy":"category","embeddable":true,"href":"https:\/\/fmtinkunaco.ar\/index.php?rest_route=%2Fwp%2Fv2%2Fcategories&post=5893"},{"taxonomy":"post_tag","embeddable":true,"href":"https:\/\/fmtinkunaco.ar\/index.php?rest_route=%2Fwp%2Fv2%2Ftags&post=5893"}],"curies":[{"name":"wp","href":"https:\/\/api.w.org\/{rel}","templated":true}]}}