{"id":5920,"date":"2023-10-18T10:29:29","date_gmt":"2023-10-18T13:29:29","guid":{"rendered":"https:\/\/fmtinkunaco.ar\/?p=5920"},"modified":"2023-10-18T10:33:53","modified_gmt":"2023-10-18T13:33:53","slug":"convite-en-el-transformador-edicion-primavera","status":"publish","type":"post","link":"https:\/\/fmtinkunaco.ar\/?p=5920","title":{"rendered":"Convite en el Transformador: Edici\u00f3n primavera"},"content":{"rendered":"<div class=\"wp-block-image\">\n<figure class=\"aligncenter size-full\"><img loading=\"lazy\" decoding=\"async\" width=\"592\" height=\"812\" src=\"https:\/\/fmtinkunaco.ar\/wp-content\/uploads\/2023\/10\/387092366_719893596849296_792016435378236005_n-1.jpg\" alt=\"\" class=\"wp-image-5923\" srcset=\"https:\/\/fmtinkunaco.ar\/wp-content\/uploads\/2023\/10\/387092366_719893596849296_792016435378236005_n-1.jpg 592w, https:\/\/fmtinkunaco.ar\/wp-content\/uploads\/2023\/10\/387092366_719893596849296_792016435378236005_n-1-219x300.jpg 219w\" sizes=\"auto, (max-width: 592px) 100vw, 592px\" \/><\/figure>\n<\/div>\n\n\n<p>Se viene la segunda edici\u00f3n del Convite en el Mercado Transformador, en Caseros 200 esquina Lavallol (Haedo), en esta ocasi\u00f3n, cargado de muchas actividades y propuestas locales organizado por el mercado agroecol\u00f3gico.<\/p>\n\n\n\n<p>Es as\u00ed como este s\u00e1bado 21 de Octubre a partir de las 10:00 hs, va a estar sucediendo una \u201cCl\u00ednica para bicis\u201d en el cual van a estar ense\u00f1ando c\u00f3mo reparar pinchaduras de bicicletas, una feria de ropa Vintage y un mercado artesano\/gastron\u00f3mico con recomendaciones en pizzas basadas en plantas y cerveza artesanal.<\/p>\n\n\n\n<p>Adem\u00e1s, va a contar una presentaci\u00f3n de m\u00fasica en vivo de la mano de Andy Alba y con un Taller de Hongos Medicinales donde ense\u00f1ar\u00e1n el uso-cultivo de psilocybe y todas sus propiedades medicinales.<\/p>\n","protected":false},"excerpt":{"rendered":"<p>Se viene la segunda edici\u00f3n del Convite en el Mercado Transformador, en Caseros 200 esquina Lavallol (Haedo), en esta ocasi\u00f3n, cargado de muchas actividades y propuestas locales organizado por el mercado agroecol\u00f3gico. Es as\u00ed como este s\u00e1bado 21 de Octubre a partir de las 10:00 hs, va a estar sucediendo una \u201cCl\u00ednica para bicis\u201d en [&hellip;]<\/p>\n","protected":false},"author":1,"featured_media":0,"comment_status":"open","ping_status":"open","sticky":false,"template":"","format":"standard","meta":{"footnotes":""},"categories":[3],"tags":[],"class_list":["post-5920","post","type-post","status-publish","format-standard","hentry","category-cultura"],"_links":{"self":[{"href":"https:\/\/fmtinkunaco.ar\/index.php?rest_route=\/wp\/v2\/posts\/5920","targetHints":{"allow":["GET"]}}],"collection":[{"href":"https:\/\/fmtinkunaco.ar\/index.php?rest_route=\/wp\/v2\/posts"}],"about":[{"href":"https:\/\/fmtinkunaco.ar\/index.php?rest_route=\/wp\/v2\/types\/post"}],"author":[{"embeddable":true,"href":"https:\/\/fmtinkunaco.ar\/index.php?rest_route=\/wp\/v2\/users\/1"}],"replies":[{"embeddable":true,"href":"https:\/\/fmtinkunaco.ar\/index.php?rest_route=%2Fwp%2Fv2%2Fcomments&post=5920"}],"version-history":[{"count":3,"href":"https:\/\/fmtinkunaco.ar\/index.php?rest_route=\/wp\/v2\/posts\/5920\/revisions"}],"predecessor-version":[{"id":5926,"href":"https:\/\/fmtinkunaco.ar\/index.php?rest_route=\/wp\/v2\/posts\/5920\/revisions\/5926"}],"wp:attachment":[{"href":"https:\/\/fmtinkunaco.ar\/index.php?rest_route=%2Fwp%2Fv2%2Fmedia&parent=5920"}],"wp:term":[{"taxonomy":"category","embeddable":true,"href":"https:\/\/fmtinkunaco.ar\/index.php?rest_route=%2Fwp%2Fv2%2Fcategories&post=5920"},{"taxonomy":"post_tag","embeddable":true,"href":"https:\/\/fmtinkunaco.ar\/index.php?rest_route=%2Fwp%2Fv2%2Ftags&post=5920"}],"curies":[{"name":"wp","href":"https:\/\/api.w.org\/{rel}","templated":true}]}}