{"id":5927,"date":"2023-10-18T11:16:59","date_gmt":"2023-10-18T14:16:59","guid":{"rendered":"https:\/\/fmtinkunaco.ar\/?p=5927"},"modified":"2023-10-19T10:00:43","modified_gmt":"2023-10-19T13:00:43","slug":"36-encuentro-plurinacional-de-mujeres-lesbianas-travestis-trans-bisexuales-intersexuales-y-no-binaries-en-bariloche","status":"publish","type":"post","link":"https:\/\/fmtinkunaco.ar\/?p=5927","title":{"rendered":"36\u00b0 Encuentro Plurinacional de Mujeres, Lesbianas, Travestis, Trans, Bisexuales, Intersexuales y no Binaries en Bariloche"},"content":{"rendered":"\n<p>Este fin de semana, se llev\u00f3 adelante el 36\u00b0 Encuentro Plurinacional de Mujeres, Lesbianas, Travestis, Trans, Bisexuales, Intersexuales y no Binaries en la ciudad de Bariloche, provincia de R\u00edo Negro.<\/p>\n\n\n\n<p>El encuentro cont\u00f3 con la participaci\u00f3n de m\u00e1s de 70 mil personas que participaron los tres dias de Plurinacional.<\/p>\n\n\n\n<p><br>Clara Bernal Olvera, es psic\u00f3loga e integrante de la Cooperativa Espacios de G\u00e9neros Integral Frida Kahlo, y se refiri\u00f3 a la experiencia y a los talleres en los que particip\u00f3 <em>\u201cEstuvimos participando en el taller de abuso sexual infantil, estuvimos en salud mental, y tambi\u00e9n en consumos problem\u00e1ticos. Y lo que m\u00e1s me gusto fue salud mental.<br>Me parece que hubo muchas cosas muy positivas, muy potables, pero tambi\u00e9n me parece que se qued\u00f3 por fuera la salud mental comunitaria, quienes son la voz, son mujeres muy academicistas que quiz\u00e1s no se dan cuenta de otras situaciones sociales que atraviesan las comunidades\u201d.<\/em><\/p>\n\n\n\n<p>Adem\u00e1s, Clara Bernal, hizo referencia y remarc\u00f3 una situaci\u00f3n particular vivida en la marcha que daba cierre al encuentro <em>\u201cCreo que es importante mencionar una situaci\u00f3n que sucedi\u00f3 con las Machis porque el encuentro se realiz\u00f3 por ellas, por la comunidad Mapuche; no se que pas\u00f3, no sabemos las internas, pero se hab\u00eda hablado que la marcha la iba a encabezar la comunidad Mapuche, las Machis, en un primer momento fue as\u00ed hasta que hubo un parte de la marcha en donde la comisi\u00f3n organizadora pas\u00f3 por encima de las Machis y eso gener\u00f3 tambi\u00e9n que hubieran dos marchas. Las Machis enojadas, entendiendo esa discriminaci\u00f3n decidieron ir por otro lado\u201d.<\/em><\/p>\n\n\n\n<p>El encuentro culmin\u00f3 con una marcha por la ciudad de Bariloche y con un acto de cierre y por decisi\u00f3n colectiva, marcada por el aplausometro, se eligi\u00f3 la provincia de Jujuy como sede para el 37\u00b0 Encuentro Plurinacional en 2024.<\/p>\n\n\n\n<p>Entrevista realizada en el noticiero Encuentro con las Noticias<\/p>\n\n\n\n<p><iframe loading=\"lazy\" src=\"https:\/\/archive.org\/embed\/audio-clara-bernal-18-10\" width=\"500\" height=\"60\" frameborder=\"0\" allowfullscreen=\"allowfullscreen\"><\/iframe><\/p>\n\n\n\n<p><a href=\"https:\/\/archive.org\/details\/audio-clara-bernal-18-10\">Descargar<\/a><\/p>\n\n\n\n<p><br><\/p>\n","protected":false},"excerpt":{"rendered":"<p>Este fin de semana, se llev\u00f3 adelante el 36\u00b0 Encuentro Plurinacional de Mujeres, Lesbianas, Travestis, Trans, Bisexuales, Intersexuales y no Binaries en la ciudad de Bariloche, provincia de R\u00edo Negro. El encuentro cont\u00f3 con la participaci\u00f3n de m\u00e1s de 70 mil personas que participaron los tres dias de Plurinacional. Clara Bernal Olvera, es psic\u00f3loga e [&hellip;]<\/p>\n","protected":false},"author":1,"featured_media":5928,"comment_status":"open","ping_status":"open","sticky":false,"template":"","format":"standard","meta":{"footnotes":""},"categories":[6],"tags":[],"class_list":["post-5927","post","type-post","status-publish","format-standard","has-post-thumbnail","hentry","category-genero"],"_links":{"self":[{"href":"https:\/\/fmtinkunaco.ar\/index.php?rest_route=\/wp\/v2\/posts\/5927","targetHints":{"allow":["GET"]}}],"collection":[{"href":"https:\/\/fmtinkunaco.ar\/index.php?rest_route=\/wp\/v2\/posts"}],"about":[{"href":"https:\/\/fmtinkunaco.ar\/index.php?rest_route=\/wp\/v2\/types\/post"}],"author":[{"embeddable":true,"href":"https:\/\/fmtinkunaco.ar\/index.php?rest_route=\/wp\/v2\/users\/1"}],"replies":[{"embeddable":true,"href":"https:\/\/fmtinkunaco.ar\/index.php?rest_route=%2Fwp%2Fv2%2Fcomments&post=5927"}],"version-history":[{"count":16,"href":"https:\/\/fmtinkunaco.ar\/index.php?rest_route=\/wp\/v2\/posts\/5927\/revisions"}],"predecessor-version":[{"id":5966,"href":"https:\/\/fmtinkunaco.ar\/index.php?rest_route=\/wp\/v2\/posts\/5927\/revisions\/5966"}],"wp:featuredmedia":[{"embeddable":true,"href":"https:\/\/fmtinkunaco.ar\/index.php?rest_route=\/wp\/v2\/media\/5928"}],"wp:attachment":[{"href":"https:\/\/fmtinkunaco.ar\/index.php?rest_route=%2Fwp%2Fv2%2Fmedia&parent=5927"}],"wp:term":[{"taxonomy":"category","embeddable":true,"href":"https:\/\/fmtinkunaco.ar\/index.php?rest_route=%2Fwp%2Fv2%2Fcategories&post=5927"},{"taxonomy":"post_tag","embeddable":true,"href":"https:\/\/fmtinkunaco.ar\/index.php?rest_route=%2Fwp%2Fv2%2Ftags&post=5927"}],"curies":[{"name":"wp","href":"https:\/\/api.w.org\/{rel}","templated":true}]}}