{"id":5958,"date":"2023-10-19T10:30:39","date_gmt":"2023-10-19T13:30:39","guid":{"rendered":"https:\/\/fmtinkunaco.ar\/?p=5958"},"modified":"2023-10-19T10:32:33","modified_gmt":"2023-10-19T13:32:33","slug":"arte-en-vivo-en-lo-de-vivi","status":"publish","type":"post","link":"https:\/\/fmtinkunaco.ar\/?p=5958","title":{"rendered":"Arte en vivo en Lo de Vivi"},"content":{"rendered":"\n<p><\/p>\n\n\n\n<p><\/p>\n\n\n\n<p>En esta ocasi\u00f3n, el Resto Bar puertas adentro \u201cLo de Vivi\u201d nos invita a participar de una jornada llena de color, m\u00fasica y comida casera.<\/p>\n\n\n\n<p>Las propuestas son descritas por la referente, Viviana Zarza, como \u201c<em>un momento \u00fanico de m\u00e1xima expresi\u00f3n art\u00edstica<\/em>\u201d, con pinturas en vivo por Walter Ledesma y Marcela Gonzales. &nbsp;<\/p>\n\n\n\n<p>Adem\u00e1s, cuenta con m\u00fasica en vivo de Guillermo Bello en la guitarra y con un men\u00fa a base de empanadas caseras, platos dulces y bebidas.<\/p>\n\n\n\n<p>El evento va a comenzar s\u00e1bado 21 de Octubre a las 19:30 y se puede reservar al 1161658405.<\/p>\n\n\n\n<p>Nota realizada en el noticiero Encuentro con las Noticias<\/p>\n\n\n\n<p><\/p>\n\n\n<p><iframe loading=\"lazy\" src=\"https:\/\/archive.org\/embed\/agenda-cultural-lo-de-vivi-21-10-2023_202310\" width=\"500\" height=\"60\" frameborder=\"0\" allowfullscreen=\"allowfullscreen\"><\/iframe><\/p>\n\n\n<p><a href=\"https:\/\/archive.org\/details\/agenda-cultural-lo-de-vivi-21-10-2023_202310\" data-type=\"link\" data-id=\"https:\/\/archive.org\/details\/agenda-cultural-lo-de-vivi-21-10-2023_202310\">DESCARGAR<\/a><\/p>\n","protected":false},"excerpt":{"rendered":"<p>En esta ocasi\u00f3n, el Resto Bar puertas adentro \u201cLo de Vivi\u201d nos invita a participar de una jornada llena de color, m\u00fasica y comida casera. Las propuestas son descritas por la referente, Viviana Zarza, como \u201cun momento \u00fanico de m\u00e1xima expresi\u00f3n art\u00edstica\u201d, con pinturas en vivo por Walter Ledesma y Marcela Gonzales. &nbsp; Adem\u00e1s, cuenta [&hellip;]<\/p>\n","protected":false},"author":1,"featured_media":5959,"comment_status":"open","ping_status":"open","sticky":false,"template":"","format":"standard","meta":{"footnotes":""},"categories":[3],"tags":[],"class_list":["post-5958","post","type-post","status-publish","format-standard","has-post-thumbnail","hentry","category-cultura"],"_links":{"self":[{"href":"https:\/\/fmtinkunaco.ar\/index.php?rest_route=\/wp\/v2\/posts\/5958","targetHints":{"allow":["GET"]}}],"collection":[{"href":"https:\/\/fmtinkunaco.ar\/index.php?rest_route=\/wp\/v2\/posts"}],"about":[{"href":"https:\/\/fmtinkunaco.ar\/index.php?rest_route=\/wp\/v2\/types\/post"}],"author":[{"embeddable":true,"href":"https:\/\/fmtinkunaco.ar\/index.php?rest_route=\/wp\/v2\/users\/1"}],"replies":[{"embeddable":true,"href":"https:\/\/fmtinkunaco.ar\/index.php?rest_route=%2Fwp%2Fv2%2Fcomments&post=5958"}],"version-history":[{"count":2,"href":"https:\/\/fmtinkunaco.ar\/index.php?rest_route=\/wp\/v2\/posts\/5958\/revisions"}],"predecessor-version":[{"id":5961,"href":"https:\/\/fmtinkunaco.ar\/index.php?rest_route=\/wp\/v2\/posts\/5958\/revisions\/5961"}],"wp:featuredmedia":[{"embeddable":true,"href":"https:\/\/fmtinkunaco.ar\/index.php?rest_route=\/wp\/v2\/media\/5959"}],"wp:attachment":[{"href":"https:\/\/fmtinkunaco.ar\/index.php?rest_route=%2Fwp%2Fv2%2Fmedia&parent=5958"}],"wp:term":[{"taxonomy":"category","embeddable":true,"href":"https:\/\/fmtinkunaco.ar\/index.php?rest_route=%2Fwp%2Fv2%2Fcategories&post=5958"},{"taxonomy":"post_tag","embeddable":true,"href":"https:\/\/fmtinkunaco.ar\/index.php?rest_route=%2Fwp%2Fv2%2Ftags&post=5958"}],"curies":[{"name":"wp","href":"https:\/\/api.w.org\/{rel}","templated":true}]}}