{"id":5968,"date":"2023-10-20T10:22:50","date_gmt":"2023-10-20T13:22:50","guid":{"rendered":"https:\/\/fmtinkunaco.ar\/?p=5968"},"modified":"2023-10-20T10:22:50","modified_gmt":"2023-10-20T13:22:50","slug":"la-escuela-de-artistica-n1-aime-paine-abrio-las-pre-inscripciones-2024","status":"publish","type":"post","link":"https:\/\/fmtinkunaco.ar\/?p=5968","title":{"rendered":"La Escuela de Art\u00edstica N\u00b01 Aim\u00e9 Pain\u00e9 abri\u00f3 las pre inscripciones 2024"},"content":{"rendered":"\n<p>La Escuela de Artistica N\u00b01 Aim\u00e9 Pain\u00e9, que funciona en Jos\u00e9. C. Paz, abri\u00f3 las pre inscipciones 2024 para diversos talleres de arte para infantiles y adolescentes.<\/p>\n\n\n\n<p>Laura Guajardo, es referente de la escuela N\u00b01, y se refiri\u00f3 al inici\u00f3 de esta pre inscripci\u00f3n <em>\u201cNosotros nos estamos preparando para el a\u00f1o que viene y lo que hicimos ahora es abrir la pre inscripci\u00f3n para todos los que quieran cursar en nuestra escuela y que sean nuevos. La pre inscripci\u00f3n va a ser virtual y con un formulario Google donde dejan algunos datos y despu\u00e9s cuando se abre la inscripci\u00f3n que va a ser maso menos a finales de noviembre y hasta diciembre, vamos a ir llamando a los que se pre inscribieron de acuerdo a los lugares que nos vayan quedando porque nosotros ya tenemos alumnos que est\u00e1n cursando este a\u00f1o. Entonces primero vamos a hacer la matriculaci\u00f3n y la inscripci\u00f3n de los alumnos y sus hermanitos, que tienen prioridad, y con los lugares que quedan, de acuerdo al orden de pre inscripci\u00f3n los llamamos y vamos d\u00e1ndole lugares a los nuevos para que participar de nuestros talleres el a\u00f1o que viene\u201d.<\/em><\/p>\n\n\n\n<p>La escuela no tiene edificio propio por lo que funcionan tres sedes, en edificios de diferentes escuelas pace\u00f1as: Sede Alvear 3325 ( EP 7\/ EES 19); Sede Acerboni 342 (EP 25) y la Sede Padre Ustarroz 4700 (EES 28).<\/p>\n\n\n\n<p>Guajardo, adem\u00e1s, explic\u00f3 el funcionamiento de la escuela <em>\u201cNuestra escuela es una escuela de arte que funciona a contra turno de la escuela oficial, entonces los chicos de 5 a 17 a\u00f1os van a una escuela obligatoria, una escuela de nivel, ya sea jard\u00edn, primario o secundaria y la nuestra funciona a contra turno porque es optativa y es voluntaria y lo que ofrece son talleres de arte. Entonces tenemos dos propuestas, para los infantiles que es el primer tramo, son cuatro lenguajes que cursan dos veces por semana a contra turno de la escuela, estos talleres son m\u00fasica, danza, pl\u00e1stica y teatro para los chicos que tienen de 5 a 11 a\u00f1os. Para los adolescentes tenemos otros talleres que son m\u00e1s espec\u00edficos, entonces ellos generalmente eligen, hay danza contempor\u00e1nea, danzas folcl\u00f3ricas latinoamericanas, circo, acrobacia y clown, tenemos cine, fotograf\u00eda y video, construcci\u00f3n de instrumentos aut\u00f3ctonos, percusi\u00f3n, entonces esos son m\u00e1s espec\u00edficos\u201d.<\/em><br><br>Los talleres son gratuitos y con una cooperadora para quienes pueden aportar.<br><br>Para realizar la pre inscripci\u00f3n podes ingresar y completar el <a href=\"https:\/\/docs.google.com\/forms\/d\/e\/1FAIpQLSdtna_Q6eKq0fM8MPm6cW8jNma7mgqSOO7o2F_0xrk3AvuksQ\/viewform?fbclid=IwAR2aZ9-v6Ix6AG-mJ3-ulBQpVIrtT74i5migmdmcfFUw_RIVJn3LYZAd7E0\">formulario<\/a> o comunicarte al (02320) 426285\/1128660109 para m\u00e1s informaci\u00f3n.<\/p>\n\n\n\n<p>Entrevista realizada en el noticiero Encuentro con las Noticias<\/p>\n\n\n\n<p><p><a href=\"https:\/\/archive.org\/details\/audio-laura-guajardo-e-estetica-20-10\">Descargar<\/a><\/p> <iframe loading=\"lazy\" src=\"https:\/\/archive.org\/embed\/audio-laura-guajardo-e-estetica-20-10\" width=\"500\" height=\"60\" frameborder=\"0\" webkitallowfullscreen=\"true\" mozallowfullscreen=\"true\" allowfullscreen=\"\"><\/iframe><\/p>\n","protected":false},"excerpt":{"rendered":"<p>La Escuela de Artistica N\u00b01 Aim\u00e9 Pain\u00e9, que funciona en Jos\u00e9. C. Paz, abri\u00f3 las pre inscipciones 2024 para diversos talleres de arte para infantiles y adolescentes. Laura Guajardo, es referente de la escuela N\u00b01, y se refiri\u00f3 al inici\u00f3 de esta pre inscripci\u00f3n \u201cNosotros nos estamos preparando para el a\u00f1o que viene y lo [&hellip;]<\/p>\n","protected":false},"author":1,"featured_media":5969,"comment_status":"open","ping_status":"open","sticky":false,"template":"","format":"standard","meta":{"footnotes":""},"categories":[3],"tags":[],"class_list":["post-5968","post","type-post","status-publish","format-standard","has-post-thumbnail","hentry","category-cultura"],"_links":{"self":[{"href":"https:\/\/fmtinkunaco.ar\/index.php?rest_route=\/wp\/v2\/posts\/5968","targetHints":{"allow":["GET"]}}],"collection":[{"href":"https:\/\/fmtinkunaco.ar\/index.php?rest_route=\/wp\/v2\/posts"}],"about":[{"href":"https:\/\/fmtinkunaco.ar\/index.php?rest_route=\/wp\/v2\/types\/post"}],"author":[{"embeddable":true,"href":"https:\/\/fmtinkunaco.ar\/index.php?rest_route=\/wp\/v2\/users\/1"}],"replies":[{"embeddable":true,"href":"https:\/\/fmtinkunaco.ar\/index.php?rest_route=%2Fwp%2Fv2%2Fcomments&post=5968"}],"version-history":[{"count":1,"href":"https:\/\/fmtinkunaco.ar\/index.php?rest_route=\/wp\/v2\/posts\/5968\/revisions"}],"predecessor-version":[{"id":5970,"href":"https:\/\/fmtinkunaco.ar\/index.php?rest_route=\/wp\/v2\/posts\/5968\/revisions\/5970"}],"wp:featuredmedia":[{"embeddable":true,"href":"https:\/\/fmtinkunaco.ar\/index.php?rest_route=\/wp\/v2\/media\/5969"}],"wp:attachment":[{"href":"https:\/\/fmtinkunaco.ar\/index.php?rest_route=%2Fwp%2Fv2%2Fmedia&parent=5968"}],"wp:term":[{"taxonomy":"category","embeddable":true,"href":"https:\/\/fmtinkunaco.ar\/index.php?rest_route=%2Fwp%2Fv2%2Fcategories&post=5968"},{"taxonomy":"post_tag","embeddable":true,"href":"https:\/\/fmtinkunaco.ar\/index.php?rest_route=%2Fwp%2Fv2%2Ftags&post=5968"}],"curies":[{"name":"wp","href":"https:\/\/api.w.org\/{rel}","templated":true}]}}