{"id":5977,"date":"2023-10-20T11:22:56","date_gmt":"2023-10-20T14:22:56","guid":{"rendered":"https:\/\/fmtinkunaco.ar\/?p=5977"},"modified":"2023-10-20T11:22:56","modified_gmt":"2023-10-20T14:22:56","slug":"la-asociacion-civil-florecer-invita-a-participar-del-sendero-de-la-memoria","status":"publish","type":"post","link":"https:\/\/fmtinkunaco.ar\/?p=5977","title":{"rendered":"La Asociaci\u00f3n Civil Florecer invita a participar del \u201cSendero de la Memoria\u201d"},"content":{"rendered":"\n<p>La Asociaci\u00f3n Civil Florecer, ubicada en Sol y Verde, invita a participar y formar parte del <strong>\u201cSendero de la Memoria\u201d<\/strong> el s\u00e1bado 21 de octubre a partir de las 15hs.<br><br>Ser\u00e1 una actividad con m\u00e1s de 20 muralistas que contar\u00e1n la historia del barrio a traves del arte.<br><br>Cristina Semianara, Presidenta de Florecer, se refiri\u00f3 a esta jornada <em>\u201cPor un lado surge porque Sol y Verde es un barrio que como muchos siempre estuvo abandonado por el Estado y todo lo que fue logrando fue a fuerza de lucha y organizaci\u00f3n de sus vecines, de echo desde la vuelta a la democracia han surgido las organizaciones sociales aqu\u00ed. Pero al mismo tiempo tambi\u00e9n es un barrio, que a diferencia de otros, hab\u00eda un registro de los vecinos antiguos y durante la dictadura hab\u00eda habido alg\u00fan tipo de actividad; entonces se sumaba eso y que es un barrio que se ponlo muy recientemente y con mucha gente que no tiene una historia compartida con esta lucha hist\u00f3rica de los vecinos del barrio. Entonces era importante que les ni\u00f1es y los nuevos habitantes conozcan esta historia y nos pareci\u00f3 que a trav\u00e9s del arte seria lo ideal porque es un lenguaje universal\u201d.<\/em><br><br>Semianara, adem\u00e1s, remarc\u00f3 <em>\u201cFuimos armando, con quienes quer\u00edan participar, de distintas organizaciones sociales un espacio para ir reconstruyendo la historia; fue un proceso de recordar momentos, de buscar fotograf\u00edas, informaci\u00f3n de distintos protagonistas y en la b\u00fasqueda despu\u00e9s de muralistas que quieran expresar esta historia en las paredes\u201d.<\/em><\/p>\n\n\n\n<p>La invitaci\u00f3n es ma\u00f1ana, a partir de las 15hs en Magallanes 4127 \u2013 Sol y Verde (El poli) para participar activamente de la muraleada y compartir un momento de construcci\u00f3n colectiva. Podes acercarte con tu termo, mate y pinceles si podes.<\/p>\n\n\n\n<p>Entrevista realiza en el noticiero Encuentro con las Noticias<\/p>\n\n\n\n<p><a href=\"https:\/\/archive.org\/details\/audio-cristina-florecer-20-10\">Descargar<\/a><br><\/p>\n\n\n<p><iframe loading=\"lazy\" src=\"https:\/\/archive.org\/embed\/audio-cristina-florecer-20-10\" width=\"500\" height=\"60\" frameborder=\"0\" allowfullscreen=\"allowfullscreen\"><\/iframe><\/p>","protected":false},"excerpt":{"rendered":"<p>La Asociaci\u00f3n Civil Florecer, ubicada en Sol y Verde, invita a participar y formar parte del \u201cSendero de la Memoria\u201d el s\u00e1bado 21 de octubre a partir de las 15hs. Ser\u00e1 una actividad con m\u00e1s de 20 muralistas que contar\u00e1n la historia del barrio a traves del arte. Cristina Semianara, Presidenta de Florecer, se refiri\u00f3 [&hellip;]<\/p>\n","protected":false},"author":1,"featured_media":5978,"comment_status":"open","ping_status":"open","sticky":false,"template":"","format":"standard","meta":{"footnotes":""},"categories":[3,4],"tags":[],"class_list":["post-5977","post","type-post","status-publish","format-standard","has-post-thumbnail","hentry","category-cultura","category-derechos-humanos"],"_links":{"self":[{"href":"https:\/\/fmtinkunaco.ar\/index.php?rest_route=\/wp\/v2\/posts\/5977","targetHints":{"allow":["GET"]}}],"collection":[{"href":"https:\/\/fmtinkunaco.ar\/index.php?rest_route=\/wp\/v2\/posts"}],"about":[{"href":"https:\/\/fmtinkunaco.ar\/index.php?rest_route=\/wp\/v2\/types\/post"}],"author":[{"embeddable":true,"href":"https:\/\/fmtinkunaco.ar\/index.php?rest_route=\/wp\/v2\/users\/1"}],"replies":[{"embeddable":true,"href":"https:\/\/fmtinkunaco.ar\/index.php?rest_route=%2Fwp%2Fv2%2Fcomments&post=5977"}],"version-history":[{"count":1,"href":"https:\/\/fmtinkunaco.ar\/index.php?rest_route=\/wp\/v2\/posts\/5977\/revisions"}],"predecessor-version":[{"id":5979,"href":"https:\/\/fmtinkunaco.ar\/index.php?rest_route=\/wp\/v2\/posts\/5977\/revisions\/5979"}],"wp:featuredmedia":[{"embeddable":true,"href":"https:\/\/fmtinkunaco.ar\/index.php?rest_route=\/wp\/v2\/media\/5978"}],"wp:attachment":[{"href":"https:\/\/fmtinkunaco.ar\/index.php?rest_route=%2Fwp%2Fv2%2Fmedia&parent=5977"}],"wp:term":[{"taxonomy":"category","embeddable":true,"href":"https:\/\/fmtinkunaco.ar\/index.php?rest_route=%2Fwp%2Fv2%2Fcategories&post=5977"},{"taxonomy":"post_tag","embeddable":true,"href":"https:\/\/fmtinkunaco.ar\/index.php?rest_route=%2Fwp%2Fv2%2Ftags&post=5977"}],"curies":[{"name":"wp","href":"https:\/\/api.w.org\/{rel}","templated":true}]}}