{"id":5980,"date":"2023-10-24T11:24:24","date_gmt":"2023-10-24T14:24:24","guid":{"rendered":"https:\/\/fmtinkunaco.ar\/?p=5980"},"modified":"2023-10-24T11:24:24","modified_gmt":"2023-10-24T14:24:24","slug":"enaccion-invita-al-festival-cultural-celebrar-y-sostener-lo-colectivo","status":"publish","type":"post","link":"https:\/\/fmtinkunaco.ar\/?p=5980","title":{"rendered":"EnAcci\u00f3n invita al Festival Cultural \u201cCelebrar y sostener lo colectivo\u201d"},"content":{"rendered":"\n<p>La organizaci\u00f3n EnAcci\u00f3n invita al 8vo Festival Cultural, este a\u00f1o bajo el lema <em><strong>\u201cCelebrar y sostener lo colectivo\u201d<\/strong><\/em>, que se realizar\u00e1 el s\u00e1bado 28 de octubre a partir de las 17hs en El Campito (Baroni 891-Los Polvorines).<br><br><\/p>\n\n\n\n<p>Nadia Salinas, es referente de EnAcci\u00f3n, y se refiri\u00f3 a este nuevo festival cultural <em>\u201cUn poco el objetivo es encontrarnos, encontrarnos con la excusa de celebrar la cultura y pensar un poco la cultura del barrio, la cultura cotidiana, esos h\u00e1bitos, esas costumbres. Porque a veces cuando hablamos de cultura parece que nos referimos a un peque\u00f1o sector o algo m\u00e1s vinculado al elitismo o con algo que pertenece a unos pocos y nosotros queremos empezar a pensar en un concepto de cultura m\u00e1s amplio, que este vinculado a los h\u00e1bitos y costumbres y recuperar un poco esa cultura barrial que compartimos todos\u201d.<\/em><\/p>\n\n\n\n<p>Salinas, adem\u00e1s, remarc\u00f3 <em>\u201cEn esta edici\u00f3n nos atraviesan los 40 a\u00f1os de democracia, as\u00ed que van a encontrar actividades un poco vinculadas a eso, va a haber un foro, una actividad vinculada a la democracia y a pensar un poco, que tan necesario es en el contexto actual, volver a pensar en estos acuerdos sociales que hemos hecho y que tenemos que sostener y celebrar pero tambi\u00e9n tenemos que comprometernos a defenderlos y a sostenerlos. (\u2026) Pero tambi\u00e9n actividades artistas de todo tipo, desde murales colectivos, juegos, m\u00fasica, baile mucho baile como siempre. Va a estar tambi\u00e9n la feria de artesan\u00edas y emprendimientos de vecinos y vecinas que la sostienen ah\u00ed en el barrio\u201d.<\/em><br><\/p>\n\n\n\n<p>La invitaci\u00f3n es para el proximo sabado 28 de octubre, a partir de las 17hs, en Baroni 891 \u2013 Los Polovorines.<\/p>\n\n\n\n<p>Entrevista relizada en el noticiero Encuentro con las Noticias<\/p>\n\n\n\n<p><a href=\"https:\/\/archive.org\/details\/audio-nadia-salinas-enaccion-24-10\">Descargar<\/a><br><\/p>\n\n\n<p><iframe loading=\"lazy\" src=\"https:\/\/archive.org\/embed\/audio-nadia-salinas-enaccion-24-10\" width=\"500\" height=\"60\" frameborder=\"0\" webkitallowfullscreen=\"true\" mozallowfullscreen=\"true\" allowfullscreen><\/iframe><\/p>","protected":false},"excerpt":{"rendered":"<p>La organizaci\u00f3n EnAcci\u00f3n invita al 8vo Festival Cultural, este a\u00f1o bajo el lema \u201cCelebrar y sostener lo colectivo\u201d, que se realizar\u00e1 el s\u00e1bado 28 de octubre a partir de las 17hs en El Campito (Baroni 891-Los Polvorines). Nadia Salinas, es referente de EnAcci\u00f3n, y se refiri\u00f3 a este nuevo festival cultural \u201cUn poco el objetivo [&hellip;]<\/p>\n","protected":false},"author":1,"featured_media":5981,"comment_status":"open","ping_status":"open","sticky":false,"template":"","format":"standard","meta":{"footnotes":""},"categories":[1],"tags":[],"class_list":["post-5980","post","type-post","status-publish","format-standard","has-post-thumbnail","hentry","category-blog"],"_links":{"self":[{"href":"https:\/\/fmtinkunaco.ar\/index.php?rest_route=\/wp\/v2\/posts\/5980","targetHints":{"allow":["GET"]}}],"collection":[{"href":"https:\/\/fmtinkunaco.ar\/index.php?rest_route=\/wp\/v2\/posts"}],"about":[{"href":"https:\/\/fmtinkunaco.ar\/index.php?rest_route=\/wp\/v2\/types\/post"}],"author":[{"embeddable":true,"href":"https:\/\/fmtinkunaco.ar\/index.php?rest_route=\/wp\/v2\/users\/1"}],"replies":[{"embeddable":true,"href":"https:\/\/fmtinkunaco.ar\/index.php?rest_route=%2Fwp%2Fv2%2Fcomments&post=5980"}],"version-history":[{"count":1,"href":"https:\/\/fmtinkunaco.ar\/index.php?rest_route=\/wp\/v2\/posts\/5980\/revisions"}],"predecessor-version":[{"id":5987,"href":"https:\/\/fmtinkunaco.ar\/index.php?rest_route=\/wp\/v2\/posts\/5980\/revisions\/5987"}],"wp:featuredmedia":[{"embeddable":true,"href":"https:\/\/fmtinkunaco.ar\/index.php?rest_route=\/wp\/v2\/media\/5981"}],"wp:attachment":[{"href":"https:\/\/fmtinkunaco.ar\/index.php?rest_route=%2Fwp%2Fv2%2Fmedia&parent=5980"}],"wp:term":[{"taxonomy":"category","embeddable":true,"href":"https:\/\/fmtinkunaco.ar\/index.php?rest_route=%2Fwp%2Fv2%2Fcategories&post=5980"},{"taxonomy":"post_tag","embeddable":true,"href":"https:\/\/fmtinkunaco.ar\/index.php?rest_route=%2Fwp%2Fv2%2Ftags&post=5980"}],"curies":[{"name":"wp","href":"https:\/\/api.w.org\/{rel}","templated":true}]}}