{"id":5982,"date":"2023-10-24T10:31:20","date_gmt":"2023-10-24T13:31:20","guid":{"rendered":"https:\/\/fmtinkunaco.ar\/?p=5982"},"modified":"2023-10-24T10:31:21","modified_gmt":"2023-10-24T13:31:21","slug":"claudio-sosa-en-la-tucumanita-pilar","status":"publish","type":"post","link":"https:\/\/fmtinkunaco.ar\/?p=5982","title":{"rendered":"Claudio Sosa En La Tucumanita Pilar"},"content":{"rendered":"\n<p>Este viernes 27 de Octubre, Claudio Sosa presenta su \u00faltimo trabajo discogr\u00e1fico titulado \u201cRamitos\u201d y &nbsp;el repertorio \u201cPe\u00f1eros\u201d.<\/p>\n\n\n\n<p>El cantante y compositor va a estar tocando en el restaurante La Tucumanita Pilar, un local caracter\u00edstico por su comida regional y casera.<\/p>\n\n\n\n<p>El evento arranca a partir de las 21:30 hs, y la direcci\u00f3n es V\u00edctor Vergani 578. El cupo tiene precio de $1500 y se debe reservar por Whatsapp al 1122796187. <\/p>\n\n\n<p><iframe loading=\"lazy\" src=\"https:\/\/archive.org\/embed\/audio-claudio-sosa-27-10\" width=\"500\" height=\"60\" frameborder=\"0\" webkitallowfullscreen=\"true\" mozallowfullscreen=\"true\" allowfullscreen><\/iframe><\/p>\n\n\n<p>Invitaci\u00f3n realizada en el noticiero Encuentro con las Noticias<\/p>\n\n\n\n<p><a href=\"https:\/\/archive.org\/details\/audio-claudio-sosa-27-10\" data-type=\"link\" data-id=\"https:\/\/archive.org\/details\/audio-claudio-sosa-27-10\">Descargar<\/a><\/p>\n","protected":false},"excerpt":{"rendered":"<p>Este viernes 27 de Octubre, Claudio Sosa presenta su \u00faltimo trabajo discogr\u00e1fico titulado \u201cRamitos\u201d y &nbsp;el repertorio \u201cPe\u00f1eros\u201d. El cantante y compositor va a estar tocando en el restaurante La Tucumanita Pilar, un local caracter\u00edstico por su comida regional y casera. El evento arranca a partir de las 21:30 hs, y la direcci\u00f3n es V\u00edctor [&hellip;]<\/p>\n","protected":false},"author":1,"featured_media":5983,"comment_status":"open","ping_status":"open","sticky":false,"template":"","format":"standard","meta":{"footnotes":""},"categories":[3],"tags":[],"class_list":["post-5982","post","type-post","status-publish","format-standard","has-post-thumbnail","hentry","category-cultura"],"_links":{"self":[{"href":"https:\/\/fmtinkunaco.ar\/index.php?rest_route=\/wp\/v2\/posts\/5982","targetHints":{"allow":["GET"]}}],"collection":[{"href":"https:\/\/fmtinkunaco.ar\/index.php?rest_route=\/wp\/v2\/posts"}],"about":[{"href":"https:\/\/fmtinkunaco.ar\/index.php?rest_route=\/wp\/v2\/types\/post"}],"author":[{"embeddable":true,"href":"https:\/\/fmtinkunaco.ar\/index.php?rest_route=\/wp\/v2\/users\/1"}],"replies":[{"embeddable":true,"href":"https:\/\/fmtinkunaco.ar\/index.php?rest_route=%2Fwp%2Fv2%2Fcomments&post=5982"}],"version-history":[{"count":1,"href":"https:\/\/fmtinkunaco.ar\/index.php?rest_route=\/wp\/v2\/posts\/5982\/revisions"}],"predecessor-version":[{"id":5984,"href":"https:\/\/fmtinkunaco.ar\/index.php?rest_route=\/wp\/v2\/posts\/5982\/revisions\/5984"}],"wp:featuredmedia":[{"embeddable":true,"href":"https:\/\/fmtinkunaco.ar\/index.php?rest_route=\/wp\/v2\/media\/5983"}],"wp:attachment":[{"href":"https:\/\/fmtinkunaco.ar\/index.php?rest_route=%2Fwp%2Fv2%2Fmedia&parent=5982"}],"wp:term":[{"taxonomy":"category","embeddable":true,"href":"https:\/\/fmtinkunaco.ar\/index.php?rest_route=%2Fwp%2Fv2%2Fcategories&post=5982"},{"taxonomy":"post_tag","embeddable":true,"href":"https:\/\/fmtinkunaco.ar\/index.php?rest_route=%2Fwp%2Fv2%2Ftags&post=5982"}],"curies":[{"name":"wp","href":"https:\/\/api.w.org\/{rel}","templated":true}]}}