{"id":599,"date":"2010-10-29T11:47:00","date_gmt":"2010-10-29T14:47:00","guid":{"rendered":"http:\/\/fmtinkunaco.redelivre.org.br\/masiva-despedida-del-ex-presidente\/"},"modified":"2010-10-29T11:47:00","modified_gmt":"2010-10-29T14:47:00","slug":"masiva-despedida-del-ex-presidente","status":"publish","type":"post","link":"https:\/\/fmtinkunaco.ar\/?p=599","title":{"rendered":"Masiva despedida del ex presidente"},"content":{"rendered":"<div>Nuestros compa\u00f1eros Rub\u00e9n Becerra y Alejandro Leguizam\u00f3n recorrieron la Plaza de Mayo en el adi\u00f3s al ex presidente N\u00e9stor Kirchner.<\/div>\n<div><\/div>\n<div><\/div>\n<div style=\"clear: both;text-align: center\"><a href=\"http:\/\/4.bp.blogspot.com\/_aUP2AqqX_a8\/TMreIi5kGGI\/AAAAAAAABcc\/ZuO4Rd25gAQ\/s1600\/Imagen0138.jpg\" style=\"margin-left: 1em;margin-right: 1em\"><img loading=\"lazy\" decoding=\"async\" border=\"0\" height=\"240\" src=\"http:\/\/4.bp.blogspot.com\/_aUP2AqqX_a8\/TMreIi5kGGI\/AAAAAAAABcc\/ZuO4Rd25gAQ\/s320\/Imagen0138.jpg\" width=\"320\" \/><\/a><\/div>\n<p><\/p>\n<div style=\"clear: both;text-align: center\"><a href=\"http:\/\/2.bp.blogspot.com\/_aUP2AqqX_a8\/TMreKHADzkI\/AAAAAAAABcg\/60oaJbNUWhY\/s1600\/Imagen0139.jpg\" style=\"margin-left: 1em;margin-right: 1em\"><img loading=\"lazy\" decoding=\"async\" border=\"0\" height=\"266\" src=\"http:\/\/2.bp.blogspot.com\/_aUP2AqqX_a8\/TMreKHADzkI\/AAAAAAAABcg\/60oaJbNUWhY\/s320\/Imagen0139.jpg\" width=\"320\" \/><\/a><\/div>\n<p><\/p>\n<div style=\"clear: both;text-align: center\"><a href=\"http:\/\/4.bp.blogspot.com\/_aUP2AqqX_a8\/TMreMDi17EI\/AAAAAAAABck\/J-3fuQ1SKuU\/s1600\/Imagen0140.jpg\" style=\"margin-left: 1em;margin-right: 1em\"><img loading=\"lazy\" decoding=\"async\" border=\"0\" height=\"284\" src=\"http:\/\/4.bp.blogspot.com\/_aUP2AqqX_a8\/TMreMDi17EI\/AAAAAAAABck\/J-3fuQ1SKuU\/s320\/Imagen0140.jpg\" width=\"320\" \/><\/a><\/div>\n<div><\/div>\n<div><\/div>\n<div>&nbsp; <\/div>\n<div><\/div>\n<div><\/div>\n<div>Para descargar estas entrevistas <a href=\"http:\/\/www.archive.org\/download\/Audio-TestimoniosEnPzaDeMayo\/Audios-PzaDeMayo-Hirchner.mp3\">click aca<\/a> <\/div>\n<div><\/div>\n","protected":false},"excerpt":{"rendered":"<p>Nuestros compa\u00f1eros Rub\u00e9n Becerra y Alejandro Leguizam\u00f3n recorrieron la Plaza de Mayo en el adi\u00f3s al ex presidente N\u00e9stor Kirchner. &nbsp; Para descargar estas entrevistas click aca<\/p>\n","protected":false},"author":1,"featured_media":0,"comment_status":"open","ping_status":"open","sticky":false,"template":"","format":"standard","meta":{"footnotes":""},"categories":[8],"tags":[],"class_list":["post-599","post","type-post","status-publish","format-standard","hentry","category-sem-categoria"],"_links":{"self":[{"href":"https:\/\/fmtinkunaco.ar\/index.php?rest_route=\/wp\/v2\/posts\/599","targetHints":{"allow":["GET"]}}],"collection":[{"href":"https:\/\/fmtinkunaco.ar\/index.php?rest_route=\/wp\/v2\/posts"}],"about":[{"href":"https:\/\/fmtinkunaco.ar\/index.php?rest_route=\/wp\/v2\/types\/post"}],"author":[{"embeddable":true,"href":"https:\/\/fmtinkunaco.ar\/index.php?rest_route=\/wp\/v2\/users\/1"}],"replies":[{"embeddable":true,"href":"https:\/\/fmtinkunaco.ar\/index.php?rest_route=%2Fwp%2Fv2%2Fcomments&post=599"}],"version-history":[{"count":0,"href":"https:\/\/fmtinkunaco.ar\/index.php?rest_route=\/wp\/v2\/posts\/599\/revisions"}],"wp:attachment":[{"href":"https:\/\/fmtinkunaco.ar\/index.php?rest_route=%2Fwp%2Fv2%2Fmedia&parent=599"}],"wp:term":[{"taxonomy":"category","embeddable":true,"href":"https:\/\/fmtinkunaco.ar\/index.php?rest_route=%2Fwp%2Fv2%2Fcategories&post=599"},{"taxonomy":"post_tag","embeddable":true,"href":"https:\/\/fmtinkunaco.ar\/index.php?rest_route=%2Fwp%2Fv2%2Ftags&post=599"}],"curies":[{"name":"wp","href":"https:\/\/api.w.org\/{rel}","templated":true}]}}