{"id":5991,"date":"2023-10-25T11:05:09","date_gmt":"2023-10-25T14:05:09","guid":{"rendered":"https:\/\/fmtinkunaco.ar\/?p=5991"},"modified":"2023-10-25T11:05:09","modified_gmt":"2023-10-25T14:05:09","slug":"10-anos-del-festival-folklore-y-arte-popular-por-la-identidad","status":"publish","type":"post","link":"https:\/\/fmtinkunaco.ar\/?p=5991","title":{"rendered":"10 a\u00f1os del Festival \u201cFolklore y Arte Popular por la Identidad\u201d"},"content":{"rendered":"\n<p>El Departamento de Folklore de la Universidad Nacional de las Artes (UNA) invita a participar de los 10 a\u00f1os del festival <strong>\u201cFolklore y Arte Popular por la Identidad\u201d<\/strong> (FAPI), festival que desde sus comienzos se realiza en conjunto con Abuelas de Plaza de Mayo, Madres de Plaza de Mayo L\u00ednea Fundadora y la Asociaci\u00f3n de Familiares y Compa\u00f1eros de los 12 de la Santa Cruz .<\/p>\n\n\n\n<p>La invitaci\u00f3n es para el s\u00e1bado 11 de noviembre, a partir de las 18hs en Sanchez de Loria 443 y contar\u00e1, adem\u00e1s, con feria de artesanos y m\u00fasica en vivo.<\/p>\n\n\n\n<p>Luc\u00eda Conde, Secretar\u00eda de Desarrollo y Vinculaci\u00f3n del Departamento de Folklore de la UNA, comenz\u00f3 haciendo un balance de estos primeros 10 a\u00f1os <em>\u201cEl FAPI surge del abrazo de Abuelas de Plaza de Mayo al Departamento de Folklore y con el pasar de los a\u00f1os empezamos a trabajar con otros Organismos de Derechos Humanos como Madres de Plaza de Mayo L\u00ednea Fundadora y la Asociaci\u00f3n de Familiares y Compa\u00f1eros de los 12 de la Santa Cruz, esto lo que nos posibilita es poder tener un nexo directo junto con los organismos porque la intenci\u00f3n del festival es, justamente, visibilizar la lucha de las Madres y las Abuelas pero por sobre todas las cosas aportar desde nuestro lugar de las artes populares y el folklore en la visibilizaci\u00f3n de la b\u00fasqueda que hace Abuelas de cara a los nietos y nietas recuperados y a aquellos que a\u00fan no se les ha restituido la identidad\u201d.<\/em><\/p>\n\n\n\n<p><br>Conde, adem\u00e1s, remarc\u00f3 <em>\u201cHoy m\u00e1s que nunca hay que seguir resistiendo desde estos lugares porque debates que pensamos que ya estaban dados hoy est\u00e1n puestos en tela de juicio, s\u00ed hubo dictadura o no, s\u00ed fueron 30 mil o no; entonces nos parece que se fue resignificando tambi\u00e9n el sentido del evento y que ahi estaremos para seguir siendo esa trinchera\u201d.<\/em><\/p>\n\n\n\n<p>El Festival contar\u00e1 con la participaci\u00f3n de los elencos de la Unidad Acad\u00e9mica, los bailarines y hermanos Facundo y Ezequiel Posse, estudiantes de la Escuela Secundaria Especializada en Arte N\u00b0 1 de San Isidro, el grupo de m\u00fasica folkl\u00f3rica boliviana formado por mujeres \u201cSayani\u201d y el cierre estar\u00e1 a cargo de \u201cSudor Marika\u201d. Tambi\u00e9n habr\u00e1 feria de artesanos y stands de organismos culturales y acad\u00e9micos.<\/p>\n\n\n\n<p>Y celebrando los 10 a\u00f1os de este Festival se entregar\u00e1n 10 reconocimientos a personalidades destacadas.<\/p>\n\n\n\n<p>Este a\u00f1o esta iniciativa, adem\u00e1s, fue declarada por unanimidad de inter\u00e9s cultural por la Legislatura de la Ciudad de Buenos Aires.<br><br>La invitaci\u00f3n es el s\u00e1bado 11 de noviembre, a partir de las 18hs en Sanchez de Loria 443, CABA.<\/p>\n\n\n\n<p>Entrevista realizada en el Noticiero Encuentro con las Noticias<\/p>\n\n\n\n<p><a href=\"https:\/\/archive.org\/details\/audio-lucia-conde-25-10\">Descargar<\/a><\/p>\n\n\n<audio class=\"wp-audio-shortcode\" id=\"audio-5991-2\" preload=\"none\" style=\"width: 100%;\" controls=\"controls\"><source type=\"audio\/mpeg\" src=\"https:\/\/archive.org\/download\/audio-lucia-conde-25-10\/AUDIO%20-%20LUCIA%20CONDE%2025%2010.mp3?_=2\" \/><a href=\"https:\/\/archive.org\/download\/audio-lucia-conde-25-10\/AUDIO%20-%20LUCIA%20CONDE%2025%2010.mp3\">https:\/\/archive.org\/download\/audio-lucia-conde-25-10\/AUDIO%20-%20LUCIA%20CONDE%2025%2010.mp3<\/a><\/audio><div class=\"powerpress_player\" id=\"powerpress_player_7507\"><audio class=\"wp-audio-shortcode\" id=\"audio-5991-1\" preload=\"none\" style=\"width: 100%;\" controls=\"controls\"><source type=\"audio\/mpeg\" src=\"https:\/\/archive.org\/download\/audio-lucia-conde-25-10\/AUDIO%20-%20LUCIA%20CONDE%2025%2010.mp3?_=1\" \/><a href=\"https:\/\/archive.org\/download\/audio-lucia-conde-25-10\/AUDIO%20-%20LUCIA%20CONDE%2025%2010.mp3\">https:\/\/archive.org\/download\/audio-lucia-conde-25-10\/AUDIO%20-%20LUCIA%20CONDE%2025%2010.mp3<\/a><\/audio><\/div><p class=\"powerpress_links powerpress_links_mp3\" style=\"margin-bottom: 1px !important;\">Podcast: <a href=\"https:\/\/archive.org\/download\/audio-lucia-conde-25-10\/AUDIO%20-%20LUCIA%20CONDE%2025%2010.mp3\" class=\"powerpress_link_pinw\" target=\"_blank\" title=\"Reproducir en una nueva ventana\" onclick=\"return powerpress_pinw('https:\/\/fmtinkunaco.ar\/?powerpress_pinw=5991-podcast');\" rel=\"nofollow\">Reproducir en una nueva ventana<\/a> | <a href=\"https:\/\/archive.org\/download\/audio-lucia-conde-25-10\/AUDIO%20-%20LUCIA%20CONDE%2025%2010.mp3\" class=\"powerpress_link_d\" title=\"Descargar\" rel=\"nofollow\" download=\"AUDIO%20-%20LUCIA%20CONDE%2025%2010.mp3\">Descargar<\/a><\/p>","protected":false},"excerpt":{"rendered":"<p>El Departamento de Folklore de la Universidad Nacional de las Artes (UNA) invita a participar de los 10 a\u00f1os del festival \u201cFolklore y Arte Popular por la Identidad\u201d (FAPI), festival que desde sus comienzos se realiza en conjunto con Abuelas de Plaza de Mayo, Madres de Plaza de Mayo L\u00ednea Fundadora y la Asociaci\u00f3n de [&hellip;]<\/p>\n","protected":false},"author":1,"featured_media":5992,"comment_status":"open","ping_status":"open","sticky":false,"template":"","format":"standard","meta":{"footnotes":""},"categories":[1],"tags":[],"class_list":["post-5991","post","type-post","status-publish","format-standard","has-post-thumbnail","hentry","category-blog"],"_links":{"self":[{"href":"https:\/\/fmtinkunaco.ar\/index.php?rest_route=\/wp\/v2\/posts\/5991","targetHints":{"allow":["GET"]}}],"collection":[{"href":"https:\/\/fmtinkunaco.ar\/index.php?rest_route=\/wp\/v2\/posts"}],"about":[{"href":"https:\/\/fmtinkunaco.ar\/index.php?rest_route=\/wp\/v2\/types\/post"}],"author":[{"embeddable":true,"href":"https:\/\/fmtinkunaco.ar\/index.php?rest_route=\/wp\/v2\/users\/1"}],"replies":[{"embeddable":true,"href":"https:\/\/fmtinkunaco.ar\/index.php?rest_route=%2Fwp%2Fv2%2Fcomments&post=5991"}],"version-history":[{"count":1,"href":"https:\/\/fmtinkunaco.ar\/index.php?rest_route=\/wp\/v2\/posts\/5991\/revisions"}],"predecessor-version":[{"id":5993,"href":"https:\/\/fmtinkunaco.ar\/index.php?rest_route=\/wp\/v2\/posts\/5991\/revisions\/5993"}],"wp:featuredmedia":[{"embeddable":true,"href":"https:\/\/fmtinkunaco.ar\/index.php?rest_route=\/wp\/v2\/media\/5992"}],"wp:attachment":[{"href":"https:\/\/fmtinkunaco.ar\/index.php?rest_route=%2Fwp%2Fv2%2Fmedia&parent=5991"}],"wp:term":[{"taxonomy":"category","embeddable":true,"href":"https:\/\/fmtinkunaco.ar\/index.php?rest_route=%2Fwp%2Fv2%2Fcategories&post=5991"},{"taxonomy":"post_tag","embeddable":true,"href":"https:\/\/fmtinkunaco.ar\/index.php?rest_route=%2Fwp%2Fv2%2Ftags&post=5991"}],"curies":[{"name":"wp","href":"https:\/\/api.w.org\/{rel}","templated":true}]}}