{"id":5994,"date":"2023-10-25T11:48:09","date_gmt":"2023-10-25T14:48:09","guid":{"rendered":"https:\/\/fmtinkunaco.ar\/?p=5994"},"modified":"2023-10-25T11:48:09","modified_gmt":"2023-10-25T14:48:09","slug":"el-instituto-n-36-invita-al-conversatorio-de-que-hablamos-cuando-hablamos-del-cuidado-del-cuerpo-desde-la-esi","status":"publish","type":"post","link":"https:\/\/fmtinkunaco.ar\/?p=5994","title":{"rendered":"El Instituto N\u00b0 36 invita al conversatorio \u201c\u00bfDe qu\u00e9 hablamos cuando hablamos del cuidado del cuerpo desde la ESI?\u201d"},"content":{"rendered":"\n<p>El Instituto de Formaci\u00f3n Docente N\u00b0 36 de Jos\u00e9. C. Paz invita al conversatorio \u201c\u00bfDe qu\u00e9 hablamos cuando hablamos del cuidado del cuerpo desde la ESI?\u201d, que se desarrollar\u00e1 hoy mi\u00e9rcoles 25 de octubre a partir de las 18.30hs en Chile 995 \u2013 Jos\u00e9. C. Paz.<\/p>\n\n\n\n<p>Alba Coria, es docente del Instituto, y se refiri\u00f3 a este coversatorio <em>\u201cLa idea es tener conversatorio con Liliana Maltz, estamos muy contentos de recibirla ac\u00e1 en la localidad de Jos\u00e9. C. Paz; la idea surge de un proyecto de organizaci\u00f3n estudiantil que se impulso con los primeros a\u00f1os de la formaci\u00f3n docente; estudiantes del primer a\u00f1o del profesorado de inicial y de primaria y el eje del conversatorio va a ser el tema del cuerpo\u201d.<\/em><\/p>\n\n\n\n<p>Adem\u00e1s, Coria, explic\u00f3 <em>\u201cLa idea tiene que ver con que el abordaje de la corporalidad en la escuela tiene el disposicionamiento de la ESI, si no que existen otros discursos y principalmente la idea es trabajar las cuestiones de cuidado, la escuela como un espacio de cuidado\u201d.<\/em><\/p>\n\n\n\n<p>La jornada iniciar\u00e1 con el conversatorio con Liliana Maltz, quien es Militante, capacitadora, escritora e investigadora en temas referidos a la ESI y continuar\u00e1 con un recorrido por la muestra de ESI de estudiantes de primer a\u00f1o del profesorado de educaci\u00f3n inicial y de primaria.<\/p>\n\n\n\n<p>La invitaci\u00f3n es hoy, a partir de las 18.30hs en la calle Chile 995 \u2013 Jos\u00e9. C. Paz.<\/p>\n\n\n\n<p>Entrevista realizada en el noticiero Encuentro con las Noticias<\/p>\n\n\n\n<p><a href=\"https:\/\/archive.org\/details\/audio-alba-coria-25-10\">Descargar<\/a><\/p>\n\n\n<p><iframe loading=\"lazy\" src=\"https:\/\/archive.org\/embed\/audio-alba-coria-25-10\" width=\"500\" height=\"60\" frameborder=\"0\" allowfullscreen=\"allowfullscreen\"><\/iframe><\/p>","protected":false},"excerpt":{"rendered":"<p>El Instituto de Formaci\u00f3n Docente N\u00b0 36 de Jos\u00e9. C. Paz invita al conversatorio \u201c\u00bfDe qu\u00e9 hablamos cuando hablamos del cuidado del cuerpo desde la ESI?\u201d, que se desarrollar\u00e1 hoy mi\u00e9rcoles 25 de octubre a partir de las 18.30hs en Chile 995 \u2013 Jos\u00e9. C. Paz. Alba Coria, es docente del Instituto, y se refiri\u00f3 [&hellip;]<\/p>\n","protected":false},"author":1,"featured_media":5995,"comment_status":"open","ping_status":"open","sticky":false,"template":"","format":"standard","meta":{"footnotes":""},"categories":[6],"tags":[],"class_list":["post-5994","post","type-post","status-publish","format-standard","has-post-thumbnail","hentry","category-genero"],"_links":{"self":[{"href":"https:\/\/fmtinkunaco.ar\/index.php?rest_route=\/wp\/v2\/posts\/5994","targetHints":{"allow":["GET"]}}],"collection":[{"href":"https:\/\/fmtinkunaco.ar\/index.php?rest_route=\/wp\/v2\/posts"}],"about":[{"href":"https:\/\/fmtinkunaco.ar\/index.php?rest_route=\/wp\/v2\/types\/post"}],"author":[{"embeddable":true,"href":"https:\/\/fmtinkunaco.ar\/index.php?rest_route=\/wp\/v2\/users\/1"}],"replies":[{"embeddable":true,"href":"https:\/\/fmtinkunaco.ar\/index.php?rest_route=%2Fwp%2Fv2%2Fcomments&post=5994"}],"version-history":[{"count":1,"href":"https:\/\/fmtinkunaco.ar\/index.php?rest_route=\/wp\/v2\/posts\/5994\/revisions"}],"predecessor-version":[{"id":5996,"href":"https:\/\/fmtinkunaco.ar\/index.php?rest_route=\/wp\/v2\/posts\/5994\/revisions\/5996"}],"wp:featuredmedia":[{"embeddable":true,"href":"https:\/\/fmtinkunaco.ar\/index.php?rest_route=\/wp\/v2\/media\/5995"}],"wp:attachment":[{"href":"https:\/\/fmtinkunaco.ar\/index.php?rest_route=%2Fwp%2Fv2%2Fmedia&parent=5994"}],"wp:term":[{"taxonomy":"category","embeddable":true,"href":"https:\/\/fmtinkunaco.ar\/index.php?rest_route=%2Fwp%2Fv2%2Fcategories&post=5994"},{"taxonomy":"post_tag","embeddable":true,"href":"https:\/\/fmtinkunaco.ar\/index.php?rest_route=%2Fwp%2Fv2%2Ftags&post=5994"}],"curies":[{"name":"wp","href":"https:\/\/api.w.org\/{rel}","templated":true}]}}