{"id":6011,"date":"2023-10-27T11:11:00","date_gmt":"2023-10-27T14:11:00","guid":{"rendered":"https:\/\/fmtinkunaco.ar\/?p=6011"},"modified":"2023-10-27T11:16:50","modified_gmt":"2023-10-27T14:16:50","slug":"talleres-de-sensibilizacion-de-salud-mental-en-el-municipio-de-moreno","status":"publish","type":"post","link":"https:\/\/fmtinkunaco.ar\/?p=6011","title":{"rendered":"Talleres de Sensibilizaci\u00f3n de Salud Mental en el municipio de Moreno"},"content":{"rendered":"\n<p>El \u00e1rea de Salud Mental del municipio de Moreno lanz\u00f3 los talleres de Sensibilizaci\u00f3n de Salud Mental <strong>\u201cSin caretas, hablemos de suicidio\u201d<\/strong> que comenzaron ayer en el Club Atl\u00e9tico Defensores de Moreno y est\u00e1n destinados a personas de entre 16 y 25 a\u00f1os.<\/p>\n\n\n\n<p>El objetivo de estos talleres es abordar la tem\u00e1tica de suicidio y a partir de all\u00ed construir estrategias de abordaje y compartir herramientas para el trato y acompa\u00f1amiento de estas situaciones.<\/p>\n\n\n\n<p>Sabrina Grella, es Directora General de Salud Mental de la Subsecretaria de Programaci\u00f3n y Planificaci\u00f3n sanitaria de la Secretar\u00eda de Salud y ambiente, y se refiri\u00f3 al inici\u00f3 de esta propuesta <em>\u201cEn el mes de abril comenz\u00f3 un nuevo programa que trabaja con un abordaje integral para personas con ideas de muerte, este programa surge por la gran demanda que, lamentablemente, hay en el municipio sobre esta tematica. (\u2026) A su vez, un grupo de adolescentes que pertenece a centros de estudiantes se encuentran con un Concejal Lucas Franco, de ac\u00e1 de Moreno, planteandole que tenian una gran necesidad de poder hablar de salud mental y de poder hablar de suicidio, Lucas se comunica inmediatamente conmigo y empezamos a pensar juntos como poder darles respuestas a estos adolescentes y tambi\u00e9n a poder empezar a hablar de esta tematica que sigue tan silenciada y es un tab\u00fa en nuestra sociedad habar de suicidio\u201d.<\/em><\/p>\n\n\n\n<p>Grella, adem\u00e1s se refiri\u00f3 al objetivo puntual <em>\u201cEstos talleres tienen la finalidad de empezar a hablar de salud mental y empezar a hablar de suicidio, es un tema tab\u00fa que no se habla y cuando se habla de ese tema se hace desde el miedo, desde la verg\u00fcenza, desde la culpa y muchas veces desde la ignorancia, los medios de comunicaci\u00f3n no lo comunican de la mejor forma posible y est\u00e1 el mito de que si uno habla de suicidio van a empezar a suicidarse el resto de las personas y justamente pasa lo contrario, si uno no puede hablar de est\u00e1 tem\u00e1tica y las personas que est\u00e1n sufriendo no saben a donde poder acudir y no tienen un otro con quien poder hablar, el padecimiento se pone a\u00fan peor\u201d.<\/em><\/p>\n\n\n\n<p><br>Finalmente, Sabrina Grella, remarc\u00f3 <em>\u201cEn este caso el taller esta destinado a adolescentes mayores de 16 a\u00f1os hasta 25 porque cre\u00edamos que era un grupo etareo con el que en este momento pod\u00edamos trabajar y tambi\u00e9n porque fueron ellos quienes lo solicitaron, entonces como Estado tambi\u00e9n deb\u00edamos darle una respuesta al pedido que ellos estaban haciendo\u201d.<\/em><\/p>\n\n\n\n<p>Adem\u00e1s, el taller tiene el prop\u00f3sito de generar y producir una campa\u00f1a de sensibilizaci\u00f3n y prevenci\u00f3n.<\/p>\n\n\n\n<p>Los pr\u00f3ximos talleres ser\u00e1n el 2, 9 y 16 de noviembre de 14 a 16h en el predio de salud de Moreno. Si tenes entre 16 y 25 a\u00f1os y queres participar, hace clic <a href=\"https:\/\/docs.google.com\/forms\/d\/e\/1FAIpQLSe58D_4nBpDqV74wMKy5SB8rQIWIKA_igNflvDG-aIdqXD-Bg\/closedform\">aqu\u00ed<\/a>.<\/p>\n\n\n\n<p>Entrevista realizada en el Noticiero Encuentro con las Noticias<\/p>\n\n\n\n<p><p><a href=\"https:\/\/archive.org\/details\/audio-sabrina-grella-27-10\">Descargar<\/a><\/p> <iframe loading=\"lazy\" src=\"https:\/\/archive.org\/embed\/audio-sabrina-grella-27-10\" width=\"500\" height=\"60\" frameborder=\"0\" webkitallowfullscreen=\"true\" mozallowfullscreen=\"true\" allowfullscreen=\"\"><\/iframe><\/p>\n","protected":false},"excerpt":{"rendered":"<p>El \u00e1rea de Salud Mental del municipio de Moreno lanz\u00f3 los talleres de Sensibilizaci\u00f3n de Salud Mental \u201cSin caretas, hablemos de suicidio\u201d que comenzaron ayer en el Club Atl\u00e9tico Defensores de Moreno y est\u00e1n destinados a personas de entre 16 y 25 a\u00f1os. El objetivo de estos talleres es abordar la tem\u00e1tica de suicidio y [&hellip;]<\/p>\n","protected":false},"author":1,"featured_media":6012,"comment_status":"open","ping_status":"open","sticky":false,"template":"","format":"standard","meta":{"footnotes":""},"categories":[7],"tags":[],"class_list":["post-6011","post","type-post","status-publish","format-standard","has-post-thumbnail","hentry","category-salud"],"_links":{"self":[{"href":"https:\/\/fmtinkunaco.ar\/index.php?rest_route=\/wp\/v2\/posts\/6011","targetHints":{"allow":["GET"]}}],"collection":[{"href":"https:\/\/fmtinkunaco.ar\/index.php?rest_route=\/wp\/v2\/posts"}],"about":[{"href":"https:\/\/fmtinkunaco.ar\/index.php?rest_route=\/wp\/v2\/types\/post"}],"author":[{"embeddable":true,"href":"https:\/\/fmtinkunaco.ar\/index.php?rest_route=\/wp\/v2\/users\/1"}],"replies":[{"embeddable":true,"href":"https:\/\/fmtinkunaco.ar\/index.php?rest_route=%2Fwp%2Fv2%2Fcomments&post=6011"}],"version-history":[{"count":3,"href":"https:\/\/fmtinkunaco.ar\/index.php?rest_route=\/wp\/v2\/posts\/6011\/revisions"}],"predecessor-version":[{"id":6015,"href":"https:\/\/fmtinkunaco.ar\/index.php?rest_route=\/wp\/v2\/posts\/6011\/revisions\/6015"}],"wp:featuredmedia":[{"embeddable":true,"href":"https:\/\/fmtinkunaco.ar\/index.php?rest_route=\/wp\/v2\/media\/6012"}],"wp:attachment":[{"href":"https:\/\/fmtinkunaco.ar\/index.php?rest_route=%2Fwp%2Fv2%2Fmedia&parent=6011"}],"wp:term":[{"taxonomy":"category","embeddable":true,"href":"https:\/\/fmtinkunaco.ar\/index.php?rest_route=%2Fwp%2Fv2%2Fcategories&post=6011"},{"taxonomy":"post_tag","embeddable":true,"href":"https:\/\/fmtinkunaco.ar\/index.php?rest_route=%2Fwp%2Fv2%2Ftags&post=6011"}],"curies":[{"name":"wp","href":"https:\/\/api.w.org\/{rel}","templated":true}]}}