{"id":6039,"date":"2023-11-02T10:22:14","date_gmt":"2023-11-02T13:22:14","guid":{"rendered":"https:\/\/fmtinkunaco.ar\/?p=6039"},"modified":"2023-11-02T11:17:42","modified_gmt":"2023-11-02T14:17:42","slug":"curso-de-murcielagos","status":"publish","type":"post","link":"https:\/\/fmtinkunaco.ar\/?p=6039","title":{"rendered":"Curso de murci\u00e9lagos en la reserva natural de pilar"},"content":{"rendered":"\n<p><\/p>\n\n\n\n<p>En este s\u00e1bado 4 de Noviembre, dentro de la Reserva Natural Municipal de Pilar y en D\u00eda del Rio de Lujan, se va a estar llevando a cabo un curso sobre murci\u00e9lagos.<\/p>\n\n\n\n<p>La actividad comenzar\u00e1 luego de las 17:00hs y estar\u00e1 a cargo del Dr. Roberto Su\u00e1rez, bi\u00f3logo con experiencia en el cuidado de murci\u00e9lagos y nos invita a conocer m\u00e1s sobre estos mam\u00edferos nocturnos que habitan el espacio protegido del distrito.<\/p>\n\n\n\n<p>Graciela Capodoglio, es referente del espacio y contaba al p\u00fablico \u201c<em>vas a tener la posibilidad de aprender un mundo m\u00e1gico que desconoces, donde vamos a entender por qu\u00e9 los murci\u00e9lagos son aliados, porqu\u00e9 tenemos que cuidarlos y porqu\u00e9 nos beneficia tener murci\u00e9lagos cerca de casa<\/em>\u201d<\/p>\n\n\n\n<p>La entrada es sin turno, libre y gratuita para todas las edades. Para m\u00e1s informaci\u00f3n, se puede comunicar al 1157302504.<\/p>\n\n\n\n<p>Invitaci\u00f3n realizada en el Noticiero Encuentro con las Noticias.<\/p>\n\n\n<p><iframe loading=\"lazy\" src=\"https:\/\/archive.org\/embed\/audio-graciela-capodoglio-04-11\" width=\"500\" height=\"60\" frameborder=\"0\" webkitallowfullscreen=\"true\" mozallowfullscreen=\"true\" allowfullscreen><\/iframe><\/p>\n\n\n<p><a href=\"https:\/\/archive.org\/details\/audio-graciela-capodoglio-04-11\" data-type=\"link\" data-id=\"https:\/\/archive.org\/details\/audio-graciela-capodoglio-04-11\">Descargar<\/a><\/p>\n","protected":false},"excerpt":{"rendered":"<p>En este s\u00e1bado 4 de Noviembre, dentro de la Reserva Natural Municipal de Pilar y en D\u00eda del Rio de Lujan, se va a estar llevando a cabo un curso sobre murci\u00e9lagos. La actividad comenzar\u00e1 luego de las 17:00hs y estar\u00e1 a cargo del Dr. Roberto Su\u00e1rez, bi\u00f3logo con experiencia en el cuidado de murci\u00e9lagos [&hellip;]<\/p>\n","protected":false},"author":1,"featured_media":6040,"comment_status":"open","ping_status":"open","sticky":false,"template":"","format":"standard","meta":{"footnotes":""},"categories":[2],"tags":[],"class_list":["post-6039","post","type-post","status-publish","format-standard","has-post-thumbnail","hentry","category-ambiente"],"_links":{"self":[{"href":"https:\/\/fmtinkunaco.ar\/index.php?rest_route=\/wp\/v2\/posts\/6039","targetHints":{"allow":["GET"]}}],"collection":[{"href":"https:\/\/fmtinkunaco.ar\/index.php?rest_route=\/wp\/v2\/posts"}],"about":[{"href":"https:\/\/fmtinkunaco.ar\/index.php?rest_route=\/wp\/v2\/types\/post"}],"author":[{"embeddable":true,"href":"https:\/\/fmtinkunaco.ar\/index.php?rest_route=\/wp\/v2\/users\/1"}],"replies":[{"embeddable":true,"href":"https:\/\/fmtinkunaco.ar\/index.php?rest_route=%2Fwp%2Fv2%2Fcomments&post=6039"}],"version-history":[{"count":3,"href":"https:\/\/fmtinkunaco.ar\/index.php?rest_route=\/wp\/v2\/posts\/6039\/revisions"}],"predecessor-version":[{"id":6047,"href":"https:\/\/fmtinkunaco.ar\/index.php?rest_route=\/wp\/v2\/posts\/6039\/revisions\/6047"}],"wp:featuredmedia":[{"embeddable":true,"href":"https:\/\/fmtinkunaco.ar\/index.php?rest_route=\/wp\/v2\/media\/6040"}],"wp:attachment":[{"href":"https:\/\/fmtinkunaco.ar\/index.php?rest_route=%2Fwp%2Fv2%2Fmedia&parent=6039"}],"wp:term":[{"taxonomy":"category","embeddable":true,"href":"https:\/\/fmtinkunaco.ar\/index.php?rest_route=%2Fwp%2Fv2%2Fcategories&post=6039"},{"taxonomy":"post_tag","embeddable":true,"href":"https:\/\/fmtinkunaco.ar\/index.php?rest_route=%2Fwp%2Fv2%2Ftags&post=6039"}],"curies":[{"name":"wp","href":"https:\/\/api.w.org\/{rel}","templated":true}]}}