{"id":6067,"date":"2023-11-07T11:12:13","date_gmt":"2023-11-07T14:12:13","guid":{"rendered":"https:\/\/fmtinkunaco.ar\/?p=6067"},"modified":"2023-11-07T11:12:13","modified_gmt":"2023-11-07T14:12:13","slug":"la-unpaz-invita-a-la-clase-abierta-desde-mi-cultura-guarani-sumando-cultura-en-jose-c-paz","status":"publish","type":"post","link":"https:\/\/fmtinkunaco.ar\/?p=6067","title":{"rendered":"La Unpaz invita a la clase abierta \u201cDesde mi cultura guaran\u00ed, sumando cultura en Jos\u00e9. C. Paz\u201d"},"content":{"rendered":"\n<p><br>La Universidad Nacional de Jos\u00e9. C. Paz (UNPAZ) invita a la clase abierta a la comunidad <strong>\u201cDesde mi cultura guaran\u00ed, sumando cultura en Jos\u00e9. C. Paz\u201d<\/strong> en el marco del Ciclo de clases abiertas Trabajo Social 2023 que se realizar\u00e1 el viernes 10 de noviembre a partir de las 14hs.<br><br>Laura Zapata, es la coordinadora de esta jornada, y se refiri\u00f3 al inici\u00f3 de este proyecto <em>\u201cYo soy profesora titular de la materia antropolog\u00eda social y cultural y estas clases abiertas las implementamos, esta es la sexta y (\u2026.) desde la materia nos dimos cuenta con nuestra presencia en el lugar que hay comunidades, grupos, movimientos, colectivos que pertenecen a pueblos originarios y est\u00e1n viviendo en esta amplia zona del conurbano y hace muchas d\u00e9cadas que viven aqu\u00ed y hace muchas decadas que estos grupos se organizan. (\u2026) Y dijimos si estamos ense\u00f1ando diversidad cultural, nuestras estudiantes son de esta zona, la mayoria de las personas que estudian trabajo social son mujeres y muchas de ellas hablan Guaran\u00ed y muchas de ellas son hijas y nietas de personas que migraron hace varias decadas de distintas provincias de Argentina o de distintos paises, por qu\u00e9 en vez de trabajar con textos o con testimonios que provienen de otros paises, no empezar a incorporar a nuestras propias representantes de pueblos originarios en estas zonas\u201d.<br><br><\/em>Zapata, adem\u00e1s, remarc\u00f3 <em>\u201cLo que ocurre en estas clases abiertas es un verdadero evento de caracteristicas ineditas y es que la gente viene, cuenta su trabajo, su organizaci\u00f3n y la gente se queda con la boca abierta y se producen momentos de conexiones, entre las y los estudiantes con sus propias historias, a partir de algunas experiencias de discriminaci\u00f3n, de prejuicio, de racismo, las formas de trato marcadamente diferente. (\u2026) Por eso los abrimos a la comunidad, invitamos a la gente que venga, y que comparta un momento de reflexi\u00f3n\u201d.<\/em><\/p>\n\n\n\n<p>La sexta clase abierta ser\u00e1 dada por Gladys Ignacia Roa Gimenez (Jasy Rendy) de la comunidad Guaran\u00ed Mbo ehara.Y se realizar\u00e1 el viernes 10 de noviembre, a partir de las 14hs, en el aula 7 de la Unpaz \u2013 Alem 4731.<\/p>\n\n\n\n<p><br>Entrevista realizada en el noticiero Encuentro con las Noticias<\/p>\n\n\n\n<p><br><a href=\"https:\/\/archive.org\/details\/audio-laura-zapata-unpaz-07-11\">Descargar<\/a><\/p>\n\n\n<p><iframe loading=\"lazy\" src=\"https:\/\/archive.org\/embed\/audio-laura-zapata-unpaz-07-11\" width=\"500\" height=\"60\" frameborder=\"0\" webkitallowfullscreen=\"true\" mozallowfullscreen=\"true\" allowfullscreen><\/iframe><\/p>","protected":false},"excerpt":{"rendered":"<p>La Universidad Nacional de Jos\u00e9. C. Paz (UNPAZ) invita a la clase abierta a la comunidad \u201cDesde mi cultura guaran\u00ed, sumando cultura en Jos\u00e9. C. Paz\u201d en el marco del Ciclo de clases abiertas Trabajo Social 2023 que se realizar\u00e1 el viernes 10 de noviembre a partir de las 14hs. Laura Zapata, es la coordinadora [&hellip;]<\/p>\n","protected":false},"author":1,"featured_media":6068,"comment_status":"open","ping_status":"open","sticky":false,"template":"","format":"standard","meta":{"footnotes":""},"categories":[5],"tags":[],"class_list":["post-6067","post","type-post","status-publish","format-standard","has-post-thumbnail","hentry","category-educacion"],"_links":{"self":[{"href":"https:\/\/fmtinkunaco.ar\/index.php?rest_route=\/wp\/v2\/posts\/6067","targetHints":{"allow":["GET"]}}],"collection":[{"href":"https:\/\/fmtinkunaco.ar\/index.php?rest_route=\/wp\/v2\/posts"}],"about":[{"href":"https:\/\/fmtinkunaco.ar\/index.php?rest_route=\/wp\/v2\/types\/post"}],"author":[{"embeddable":true,"href":"https:\/\/fmtinkunaco.ar\/index.php?rest_route=\/wp\/v2\/users\/1"}],"replies":[{"embeddable":true,"href":"https:\/\/fmtinkunaco.ar\/index.php?rest_route=%2Fwp%2Fv2%2Fcomments&post=6067"}],"version-history":[{"count":1,"href":"https:\/\/fmtinkunaco.ar\/index.php?rest_route=\/wp\/v2\/posts\/6067\/revisions"}],"predecessor-version":[{"id":6069,"href":"https:\/\/fmtinkunaco.ar\/index.php?rest_route=\/wp\/v2\/posts\/6067\/revisions\/6069"}],"wp:featuredmedia":[{"embeddable":true,"href":"https:\/\/fmtinkunaco.ar\/index.php?rest_route=\/wp\/v2\/media\/6068"}],"wp:attachment":[{"href":"https:\/\/fmtinkunaco.ar\/index.php?rest_route=%2Fwp%2Fv2%2Fmedia&parent=6067"}],"wp:term":[{"taxonomy":"category","embeddable":true,"href":"https:\/\/fmtinkunaco.ar\/index.php?rest_route=%2Fwp%2Fv2%2Fcategories&post=6067"},{"taxonomy":"post_tag","embeddable":true,"href":"https:\/\/fmtinkunaco.ar\/index.php?rest_route=%2Fwp%2Fv2%2Ftags&post=6067"}],"curies":[{"name":"wp","href":"https:\/\/api.w.org\/{rel}","templated":true}]}}