{"id":608,"date":"2010-10-15T13:27:00","date_gmt":"2010-10-15T16:27:00","guid":{"rendered":"http:\/\/fmtinkunaco.redelivre.org.br\/jornada-en-san-miguel-de-pueblos-orginarios\/"},"modified":"2010-10-15T13:27:00","modified_gmt":"2010-10-15T16:27:00","slug":"jornada-en-san-miguel-de-pueblos-orginarios","status":"publish","type":"post","link":"https:\/\/fmtinkunaco.ar\/?p=608","title":{"rendered":"Jornada en San Miguel de Pueblos Orginarios"},"content":{"rendered":"<p>El dia sabado 9 de Octubre , la FM Tinkunaco compartio una jornada de revindicacion de los pueblos originarios en recuerdo del \u00faltimo d\u00eda libertad. Comenz\u00f3 a las 10 de la ma\u00f1ana y participaron : La biblioteca Popular Inti Huasi, diferentes escuelas del Districto de Jose.C.Paz ,el Centro de Estudiantes de la UNLU, el Centro de las artes de la UNGS y vecinos que pasaban por la plaza ese dia, entre otros.<\/p>\n<p>Compartimos algunas im\u00e1genes de esa jornada<\/p>\n<p><\/p>\n<div>\n<div style=\"text-align: left;width: 426px\"><a href=\"http:\/\/www.slide.com\/pivot?cy=lt&amp;at=un&amp;id=3530822107905798941&amp;map=1\" target=\"_blank\" rel=\"noopener\"><img decoding=\"async\" border=\"0\" src=\"http:\/\/widget-1d.slide.com\/p1\/3530822107905798941\/lt_t024_v000_s0un_f00\/images\/xslide1.gif\" \/><\/a> <a href=\"http:\/\/www.slide.com\/pivot?cy=lt&amp;at=un&amp;id=3530822107905798941&amp;map=2\" target=\"_blank\" rel=\"noopener\"><img decoding=\"async\" border=\"0\" src=\"http:\/\/widget-1d.slide.com\/p2\/3530822107905798941\/lt_t024_v000_s0un_f00\/images\/xslide2.gif\" \/><\/a> <a href=\"http:\/\/www.slide.com\/pivot?cy=lt&amp;at=un&amp;id=3530822107905798941&amp;map=F\" target=\"_blank\" rel=\"noopener\"><img decoding=\"async\" border=\"0\" src=\"http:\/\/widget-1d.slide.com\/p4\/3530822107905798941\/lt_t024_v000_s0un_f00\/images\/xslide42.gif\" \/><\/a><\/div>\n<\/div>\n","protected":false},"excerpt":{"rendered":"<p>El dia sabado 9 de Octubre , la FM Tinkunaco compartio una jornada de revindicacion de los pueblos originarios en recuerdo del \u00faltimo d\u00eda libertad. Comenz\u00f3 a las 10 de la ma\u00f1ana y participaron : La biblioteca Popular Inti Huasi, diferentes escuelas del Districto de Jose.C.Paz ,el Centro de Estudiantes de la UNLU, el Centro [&hellip;]<\/p>\n","protected":false},"author":1,"featured_media":0,"comment_status":"open","ping_status":"open","sticky":false,"template":"","format":"standard","meta":{"footnotes":""},"categories":[8],"tags":[],"class_list":["post-608","post","type-post","status-publish","format-standard","hentry","category-sem-categoria"],"_links":{"self":[{"href":"https:\/\/fmtinkunaco.ar\/index.php?rest_route=\/wp\/v2\/posts\/608","targetHints":{"allow":["GET"]}}],"collection":[{"href":"https:\/\/fmtinkunaco.ar\/index.php?rest_route=\/wp\/v2\/posts"}],"about":[{"href":"https:\/\/fmtinkunaco.ar\/index.php?rest_route=\/wp\/v2\/types\/post"}],"author":[{"embeddable":true,"href":"https:\/\/fmtinkunaco.ar\/index.php?rest_route=\/wp\/v2\/users\/1"}],"replies":[{"embeddable":true,"href":"https:\/\/fmtinkunaco.ar\/index.php?rest_route=%2Fwp%2Fv2%2Fcomments&post=608"}],"version-history":[{"count":0,"href":"https:\/\/fmtinkunaco.ar\/index.php?rest_route=\/wp\/v2\/posts\/608\/revisions"}],"wp:attachment":[{"href":"https:\/\/fmtinkunaco.ar\/index.php?rest_route=%2Fwp%2Fv2%2Fmedia&parent=608"}],"wp:term":[{"taxonomy":"category","embeddable":true,"href":"https:\/\/fmtinkunaco.ar\/index.php?rest_route=%2Fwp%2Fv2%2Fcategories&post=608"},{"taxonomy":"post_tag","embeddable":true,"href":"https:\/\/fmtinkunaco.ar\/index.php?rest_route=%2Fwp%2Fv2%2Ftags&post=608"}],"curies":[{"name":"wp","href":"https:\/\/api.w.org\/{rel}","templated":true}]}}