{"id":6087,"date":"2023-11-13T10:26:55","date_gmt":"2023-11-13T13:26:55","guid":{"rendered":"https:\/\/fmtinkunaco.ar\/?p=6087"},"modified":"2023-11-13T10:27:43","modified_gmt":"2023-11-13T13:27:43","slug":"feria-rizomera","status":"publish","type":"post","link":"https:\/\/fmtinkunaco.ar\/?p=6087","title":{"rendered":"Feria Rizomera"},"content":{"rendered":"\n<p>El s\u00e1bado 18 de noviembre habr\u00e1 una nueva Feria Rizomera, propuesta e invitaci\u00f3n del mercado agroecol\u00f3gico.<\/p>\n\n\n\n<p>La feria comenzar\u00e1 a las 13hs y habr\u00e1 propuestas artesanales y agroecol\u00f3gicas.<\/p>\n\n\n\n<p>Desde alimentos sanos y agroecol\u00f3gicos, feria de artesanos locales, salidas para conocer flora y fauna, hasta talleres y actividades abiertas y aptas para todo p\u00fablico. El evento tambi\u00e9n va a contar con un almuerzo comunitario, es decir, un \u201cmen\u00fa rizomero\u201d a cambio de un aporte a colaboraci\u00f3n.<\/p>\n\n\n\n<p>Algunos de los talleres para ese d\u00eda ser\u00e1n de producci\u00f3n gr\u00e1fica y de grabado en serigraf\u00eda a cargo de artistas.<\/p>\n\n\n\n<p>La entrada es libre y gratuita y la direcci\u00f3n es Florida 616 (Pilar), bajada en la calle Pisco.<\/p>\n\n\n\n<p>Invitaci\u00f3n hecha en el Noticiero Encuentro con las Noticias<\/p>\n\n\n<p><iframe loading=\"lazy\" src=\"https:\/\/archive.org\/embed\/audio-feria-rizomera-18-11\" width=\"500\" height=\"60\" frameborder=\"0\" webkitallowfullscreen=\"true\" mozallowfullscreen=\"true\" allowfullscreen><\/iframe><\/p>\n\n\n<p><a href=\"https:\/\/archive.org\/details\/audio-feria-rizomera-18-11\" data-type=\"link\" data-id=\"https:\/\/archive.org\/details\/audio-feria-rizomera-18-11\">Descargar<\/a><\/p>\n","protected":false},"excerpt":{"rendered":"<p>El s\u00e1bado 18 de noviembre habr\u00e1 una nueva Feria Rizomera, propuesta e invitaci\u00f3n del mercado agroecol\u00f3gico. La feria comenzar\u00e1 a las 13hs y habr\u00e1 propuestas artesanales y agroecol\u00f3gicas. Desde alimentos sanos y agroecol\u00f3gicos, feria de artesanos locales, salidas para conocer flora y fauna, hasta talleres y actividades abiertas y aptas para todo p\u00fablico. El evento [&hellip;]<\/p>\n","protected":false},"author":1,"featured_media":6091,"comment_status":"open","ping_status":"open","sticky":false,"template":"","format":"standard","meta":{"footnotes":""},"categories":[2,3],"tags":[],"class_list":["post-6087","post","type-post","status-publish","format-standard","has-post-thumbnail","hentry","category-ambiente","category-cultura"],"_links":{"self":[{"href":"https:\/\/fmtinkunaco.ar\/index.php?rest_route=\/wp\/v2\/posts\/6087","targetHints":{"allow":["GET"]}}],"collection":[{"href":"https:\/\/fmtinkunaco.ar\/index.php?rest_route=\/wp\/v2\/posts"}],"about":[{"href":"https:\/\/fmtinkunaco.ar\/index.php?rest_route=\/wp\/v2\/types\/post"}],"author":[{"embeddable":true,"href":"https:\/\/fmtinkunaco.ar\/index.php?rest_route=\/wp\/v2\/users\/1"}],"replies":[{"embeddable":true,"href":"https:\/\/fmtinkunaco.ar\/index.php?rest_route=%2Fwp%2Fv2%2Fcomments&post=6087"}],"version-history":[{"count":1,"href":"https:\/\/fmtinkunaco.ar\/index.php?rest_route=\/wp\/v2\/posts\/6087\/revisions"}],"predecessor-version":[{"id":6090,"href":"https:\/\/fmtinkunaco.ar\/index.php?rest_route=\/wp\/v2\/posts\/6087\/revisions\/6090"}],"wp:featuredmedia":[{"embeddable":true,"href":"https:\/\/fmtinkunaco.ar\/index.php?rest_route=\/wp\/v2\/media\/6091"}],"wp:attachment":[{"href":"https:\/\/fmtinkunaco.ar\/index.php?rest_route=%2Fwp%2Fv2%2Fmedia&parent=6087"}],"wp:term":[{"taxonomy":"category","embeddable":true,"href":"https:\/\/fmtinkunaco.ar\/index.php?rest_route=%2Fwp%2Fv2%2Fcategories&post=6087"},{"taxonomy":"post_tag","embeddable":true,"href":"https:\/\/fmtinkunaco.ar\/index.php?rest_route=%2Fwp%2Fv2%2Ftags&post=6087"}],"curies":[{"name":"wp","href":"https:\/\/api.w.org\/{rel}","templated":true}]}}