{"id":6096,"date":"2023-11-14T11:02:12","date_gmt":"2023-11-14T14:02:12","guid":{"rendered":"https:\/\/fmtinkunaco.ar\/?p=6096"},"modified":"2023-11-14T11:02:12","modified_gmt":"2023-11-14T14:02:12","slug":"la-biblioteca-palabras-del-alma-organiza-un-nuevo-viaje-a-misiones","status":"publish","type":"post","link":"https:\/\/fmtinkunaco.ar\/?p=6096","title":{"rendered":"La Biblioteca Palabras del Alma organiza un nuevo viaje a Misiones"},"content":{"rendered":"\n<p>La Biblioteca Popular Palabras del Alma organiza un nuevo viaje comunitario a las comunidades guaran\u00edes y colonias campesinas de la provincia de Misiones para enero del 2024.<br><br>Hern\u00e1n Nem\u00ed, es referente de la Biblioteca Palabras del Alma del partido de Pilar, y se refiri\u00f3 a este nuevo viaje <em>\u201cEl viaje es un viaje abierto para todo el que quiera sumarse, para todo el que quiera venir, vamos a visitar seis comunidades guaran\u00edes, varias de ellas bien en el medio del monte, bien en el medio de la selva; vamos a visitar tambi\u00e9n colonias agrarias, vamos a tener un d\u00eda entero en Las Cataratas del Iguaz\u00fa porque siempre en el viaje hay personas que no conocen las cataratas y estando en Misiones es una picard\u00eda no ir, as\u00ed que hay un d\u00eda tur\u00edstico tambi\u00e9n en el viaje y sobretodo es un viaje de encuentro con el mundo guaran\u00ed que es un mundo tan rico, tan diverso y nuestro pero que a la vez nos interpela todo porque sobretodo es un mundo donde la vida es comunitaria\u201d.<br><br><\/em>Desde la Biblio explican que la propuesta es a compartir un viaje abierto, plural, comunitario y horizontal para encontrarse con los hermanos guaran\u00edes (y otros hermanos misioneros), compartir y aprender con ellos.<br><br>Quienes est\u00e9n interesados e interesadas se alojaran en la Escuela de la Familia Agr\u00edcola &#8211; EFA de San Pedro, que cuenta con camas, cocina, comedor y duchas. Y el valor total es 95 mil pesos (incluye traslados en micros, alojamiento, comida, traslados diarios, visita y entrada a Cataratas del Iguaz\u00fa).<br><br>Las reuniones informativas y organizativas son:<br><br>&#8211; Jueves 16\/11, 19 hs: Bar Lyons, Rivadavia y Bol\u00edvar, frente a la Plaza de Pilar.<\/p>\n\n\n\n<p>&#8211; Viernes 17\/11, 18.15 hs: Plaza del Avi\u00f3n, de Ciudad Jard\u00edn, al lado de la calesita (Av. Boulevard San Mart\u00edn, a 300 metros de la estaci\u00f3n Palomar).Si llueve, hacemos la reuni\u00f3n en la helader\u00eda Auguri, en la galer\u00eda Terrazas, frente a la plaza del Avi\u00f3n.<\/p>\n\n\n\n<p>&#8211; S\u00e1bado 18\/11, 12.50 hs: Bar Nos vemos (Machado 829, a 300 metros de la estaci\u00f3n Mor\u00f3n).<\/p>\n\n\n\n<p>&#8211; S\u00e1bado 18\/11, 18 hs: Biblioteca Palabras del Alma (Corbeta Cefiro 2071, a 15 cuadras de la estaci\u00f3n Pilar).<br><br>Entrevista realizada en el noticiero Encuentro con las Noticias<\/p>\n\n\n\n<p><p><a href=\"https:\/\/archive.org\/details\/audio-hernan-nemi-b-palabras-del-alma-14-11\">Descargar <\/a><br><br><\/p> <iframe loading=\"lazy\" src=\"https:\/\/archive.org\/embed\/audio-hernan-nemi-b-palabras-del-alma-14-11\" width=\"500\" height=\"60\" frameborder=\"0\" webkitallowfullscreen=\"true\" mozallowfullscreen=\"true\" allowfullscreen=\"\"><\/iframe><\/p>\n","protected":false},"excerpt":{"rendered":"<p>La Biblioteca Popular Palabras del Alma organiza un nuevo viaje comunitario a las comunidades guaran\u00edes y colonias campesinas de la provincia de Misiones para enero del 2024. Hern\u00e1n Nem\u00ed, es referente de la Biblioteca Palabras del Alma del partido de Pilar, y se refiri\u00f3 a este nuevo viaje \u201cEl viaje es un viaje abierto para [&hellip;]<\/p>\n","protected":false},"author":1,"featured_media":6097,"comment_status":"open","ping_status":"open","sticky":false,"template":"","format":"standard","meta":{"footnotes":""},"categories":[3],"tags":[],"class_list":["post-6096","post","type-post","status-publish","format-standard","has-post-thumbnail","hentry","category-cultura"],"_links":{"self":[{"href":"https:\/\/fmtinkunaco.ar\/index.php?rest_route=\/wp\/v2\/posts\/6096","targetHints":{"allow":["GET"]}}],"collection":[{"href":"https:\/\/fmtinkunaco.ar\/index.php?rest_route=\/wp\/v2\/posts"}],"about":[{"href":"https:\/\/fmtinkunaco.ar\/index.php?rest_route=\/wp\/v2\/types\/post"}],"author":[{"embeddable":true,"href":"https:\/\/fmtinkunaco.ar\/index.php?rest_route=\/wp\/v2\/users\/1"}],"replies":[{"embeddable":true,"href":"https:\/\/fmtinkunaco.ar\/index.php?rest_route=%2Fwp%2Fv2%2Fcomments&post=6096"}],"version-history":[{"count":1,"href":"https:\/\/fmtinkunaco.ar\/index.php?rest_route=\/wp\/v2\/posts\/6096\/revisions"}],"predecessor-version":[{"id":6098,"href":"https:\/\/fmtinkunaco.ar\/index.php?rest_route=\/wp\/v2\/posts\/6096\/revisions\/6098"}],"wp:featuredmedia":[{"embeddable":true,"href":"https:\/\/fmtinkunaco.ar\/index.php?rest_route=\/wp\/v2\/media\/6097"}],"wp:attachment":[{"href":"https:\/\/fmtinkunaco.ar\/index.php?rest_route=%2Fwp%2Fv2%2Fmedia&parent=6096"}],"wp:term":[{"taxonomy":"category","embeddable":true,"href":"https:\/\/fmtinkunaco.ar\/index.php?rest_route=%2Fwp%2Fv2%2Fcategories&post=6096"},{"taxonomy":"post_tag","embeddable":true,"href":"https:\/\/fmtinkunaco.ar\/index.php?rest_route=%2Fwp%2Fv2%2Ftags&post=6096"}],"curies":[{"name":"wp","href":"https:\/\/api.w.org\/{rel}","templated":true}]}}