{"id":6100,"date":"2023-11-15T10:49:13","date_gmt":"2023-11-15T13:49:13","guid":{"rendered":"https:\/\/fmtinkunaco.ar\/?p=6100"},"modified":"2023-11-15T10:49:13","modified_gmt":"2023-11-15T13:49:13","slug":"control-de-especies-exoticas-invasoras-dentro-del-habitad-de-las-jacanas","status":"publish","type":"post","link":"https:\/\/fmtinkunaco.ar\/?p=6100","title":{"rendered":"Control de Especies ex\u00f3ticas invasoras dentro del habitad de las Jacanas"},"content":{"rendered":"\n<p>El pr\u00f3ximo s\u00e1bado 18 de noviembre, a partir de las 9hs, se va a estar realizando una jornada de control de especies que amenazan el sendero en el cual residen las Jacanas.<\/p>\n\n\n\n<p>Esta convocatoria se va a estar llevando a cabo dentro de la Reserva Natural de Pilar y su objetivo preservar el habitad ribere\u00f1o de estas aves, por lo tanto, se deben extraer plantas que hacen da\u00f1o al ecosistema.<\/p>\n\n\n\n<p>Graciela Capodoglio, referente de la Reserva, invita a cualquier voluntario &nbsp;\u201c<em>que nos d\u00e9 una mano para mejorar la forma en la que viven las jacanas (\u2026) Trabajamos para poder limpiar, ordenar y mejorar un espacio p\u00fablico y gratuito, que cada una de las personas que viven en la regi\u00f3n tiene derecho a usar incluso las jacanas\u201d.<\/em><\/p>\n\n\n\n<p>La invitaci\u00f3n tambi\u00e9n considera importante traer consigo repelente de insectos, protecci\u00f3n solar, calzado cerrado, pantalones largos, y una vianda.<\/p>\n\n\n\n<p>La actividad se cancela en caso de lluvia y para m\u00e1s informaci\u00f3n se puede comunicar al 11557302504.<\/p>\n\n\n\n<p>Invitaci\u00f3n Realizada en el Noticiero Encuentro con las Noticias<\/p>\n\n\n<p><iframe loading=\"lazy\" src=\"https:\/\/archive.org\/embed\/audio-control-de-exoticas-18-11\" width=\"500\" height=\"60\" frameborder=\"0\" webkitallowfullscreen=\"true\" mozallowfullscreen=\"true\" allowfullscreen><\/iframe><\/p>\n\n\n<p><a href=\"https:\/\/archive.org\/details\/audio-control-de-exoticas-18-11\" data-type=\"link\" data-id=\"https:\/\/archive.org\/details\/audio-control-de-exoticas-18-11\">Descargar<\/a><\/p>\n","protected":false},"excerpt":{"rendered":"<p>El pr\u00f3ximo s\u00e1bado 18 de noviembre, a partir de las 9hs, se va a estar realizando una jornada de control de especies que amenazan el sendero en el cual residen las Jacanas. Esta convocatoria se va a estar llevando a cabo dentro de la Reserva Natural de Pilar y su objetivo preservar el habitad ribere\u00f1o [&hellip;]<\/p>\n","protected":false},"author":1,"featured_media":6101,"comment_status":"open","ping_status":"open","sticky":false,"template":"","format":"standard","meta":{"footnotes":""},"categories":[2],"tags":[],"class_list":["post-6100","post","type-post","status-publish","format-standard","has-post-thumbnail","hentry","category-ambiente"],"_links":{"self":[{"href":"https:\/\/fmtinkunaco.ar\/index.php?rest_route=\/wp\/v2\/posts\/6100","targetHints":{"allow":["GET"]}}],"collection":[{"href":"https:\/\/fmtinkunaco.ar\/index.php?rest_route=\/wp\/v2\/posts"}],"about":[{"href":"https:\/\/fmtinkunaco.ar\/index.php?rest_route=\/wp\/v2\/types\/post"}],"author":[{"embeddable":true,"href":"https:\/\/fmtinkunaco.ar\/index.php?rest_route=\/wp\/v2\/users\/1"}],"replies":[{"embeddable":true,"href":"https:\/\/fmtinkunaco.ar\/index.php?rest_route=%2Fwp%2Fv2%2Fcomments&post=6100"}],"version-history":[{"count":1,"href":"https:\/\/fmtinkunaco.ar\/index.php?rest_route=\/wp\/v2\/posts\/6100\/revisions"}],"predecessor-version":[{"id":6102,"href":"https:\/\/fmtinkunaco.ar\/index.php?rest_route=\/wp\/v2\/posts\/6100\/revisions\/6102"}],"wp:featuredmedia":[{"embeddable":true,"href":"https:\/\/fmtinkunaco.ar\/index.php?rest_route=\/wp\/v2\/media\/6101"}],"wp:attachment":[{"href":"https:\/\/fmtinkunaco.ar\/index.php?rest_route=%2Fwp%2Fv2%2Fmedia&parent=6100"}],"wp:term":[{"taxonomy":"category","embeddable":true,"href":"https:\/\/fmtinkunaco.ar\/index.php?rest_route=%2Fwp%2Fv2%2Fcategories&post=6100"},{"taxonomy":"post_tag","embeddable":true,"href":"https:\/\/fmtinkunaco.ar\/index.php?rest_route=%2Fwp%2Fv2%2Ftags&post=6100"}],"curies":[{"name":"wp","href":"https:\/\/api.w.org\/{rel}","templated":true}]}}