{"id":6124,"date":"2023-11-23T10:29:28","date_gmt":"2023-11-23T13:29:28","guid":{"rendered":"https:\/\/fmtinkunaco.ar\/?p=6124"},"modified":"2023-11-23T10:29:28","modified_gmt":"2023-11-23T13:29:28","slug":"iris-avellaneda-tenemos-que-seguir-luchando-por-los-30-mil-companeros-detenidos-desaparecidos","status":"publish","type":"post","link":"https:\/\/fmtinkunaco.ar\/?p=6124","title":{"rendered":"Iris Avellaneda: \u201cTenemos que seguir luchando por los 30 mil compa\u00f1eros detenidos &#8211; desaparecidos\u201d"},"content":{"rendered":"\n<p>Iris Avellaneda, es victima sobreviviente del terrorismo de estado, mam\u00e1 de Floreal \u201cEl negrito\u201d Avellaneda desaparecido y asesinado en dictadura, Presidenta de la Asociaci\u00f3n de Sobrevivientes, Familiares y Compa\u00f1erxs de Campo de Mayo y referente en la lucha por los Derechos Humanos.<br><br>El pr\u00f3ximo 10 de diciembre, asumir\u00e1 el Presidente electo Javier Milei, quien gan\u00f3 las elecciones con un discurso en contra de los Derechos Humanos y una vicepresidenta como Victoria Villarruel que reivindica la dictadura y a los genocidas. En este marco, los Organismos y Espacios de Derechos Humanos se organizan de cara a lo que se prev\u00e9 para los pr\u00f3ximos 4 a\u00f1os.<br><br>Iris Avellaneda, expres\u00f3 sus sentires frente a este contexto, <em>\u201cHay que estar alerta porque lo que Milei prometi\u00f3, lo va a cumplir pero lo que a m\u00ed me da bronca es la gente que por bronca, por odio o por resentimiento se fue al otro extremo. Vot\u00f3 al otro extremo siendo que \u00e9l hab\u00eda prometido lo que iba a hacer, entonces duele en el alma porque hemos vivido una situaci\u00f3n en el 76, un golpe de estado que hemos tenido tantos desaparecidos y este gobierno quiere retroceder con la vice que va a asumir el 10 de diciembre, entonces para nosotros los militantes de Derechos Humanos duele\u201d.<\/em><br><br>Avellaneda, adem\u00e1s, remarc\u00f3 <em>\u201cNos queda seguir luchando, seguir resistiendo, pero lo que yo pienso es que estos 4 a\u00f1os van a ser tremendos pero no tenemos que bajar los brazos, tenemos que seguir luchando, tenemos que seguir pele\u00e1ndola porque nos ha costado mucho mantener estos 40 a\u00f1os de democracia, mucho dolor, mucha tristeza\u201d.<br><br><\/em>Finalmente, Iris Avellaneda, afirm\u00f3 <em>\u201cLa esperanza no se pierde, tenemos que seguir luchando por los 30 mil compa\u00f1eros detenidos desaparecidos\u201d.<br><br><\/em>Adem\u00e1s, desde la Asociaci\u00f3n esperan la pronta inauguraci\u00f3n del Sitio de Memoria en Campo de Mayo para que no quede trunco el proyecto en este contexto.<br><br>Entrevista realizada en el noticiero Encuentro con las Noticias<\/p>\n\n\n\n<p><a href=\"https:\/\/archive.org\/details\/audio-iris-avellaneda-23-11\">Descargar<\/a><\/p>\n\n\n<p><iframe loading=\"lazy\" src=\"https:\/\/archive.org\/embed\/audio-iris-avellaneda-23-11\" width=\"500\" height=\"60\" frameborder=\"0\" allowfullscreen=\"allowfullscreen\"><\/iframe><\/p>","protected":false},"excerpt":{"rendered":"<p>Iris Avellaneda, es victima sobreviviente del terrorismo de estado, mam\u00e1 de Floreal \u201cEl negrito\u201d Avellaneda desaparecido y asesinado en dictadura, Presidenta de la Asociaci\u00f3n de Sobrevivientes, Familiares y Compa\u00f1erxs de Campo de Mayo y referente en la lucha por los Derechos Humanos. El pr\u00f3ximo 10 de diciembre, asumir\u00e1 el Presidente electo Javier Milei, quien gan\u00f3 [&hellip;]<\/p>\n","protected":false},"author":1,"featured_media":6125,"comment_status":"open","ping_status":"open","sticky":false,"template":"","format":"standard","meta":{"footnotes":""},"categories":[4],"tags":[],"class_list":["post-6124","post","type-post","status-publish","format-standard","has-post-thumbnail","hentry","category-derechos-humanos"],"_links":{"self":[{"href":"https:\/\/fmtinkunaco.ar\/index.php?rest_route=\/wp\/v2\/posts\/6124","targetHints":{"allow":["GET"]}}],"collection":[{"href":"https:\/\/fmtinkunaco.ar\/index.php?rest_route=\/wp\/v2\/posts"}],"about":[{"href":"https:\/\/fmtinkunaco.ar\/index.php?rest_route=\/wp\/v2\/types\/post"}],"author":[{"embeddable":true,"href":"https:\/\/fmtinkunaco.ar\/index.php?rest_route=\/wp\/v2\/users\/1"}],"replies":[{"embeddable":true,"href":"https:\/\/fmtinkunaco.ar\/index.php?rest_route=%2Fwp%2Fv2%2Fcomments&post=6124"}],"version-history":[{"count":1,"href":"https:\/\/fmtinkunaco.ar\/index.php?rest_route=\/wp\/v2\/posts\/6124\/revisions"}],"predecessor-version":[{"id":6126,"href":"https:\/\/fmtinkunaco.ar\/index.php?rest_route=\/wp\/v2\/posts\/6124\/revisions\/6126"}],"wp:featuredmedia":[{"embeddable":true,"href":"https:\/\/fmtinkunaco.ar\/index.php?rest_route=\/wp\/v2\/media\/6125"}],"wp:attachment":[{"href":"https:\/\/fmtinkunaco.ar\/index.php?rest_route=%2Fwp%2Fv2%2Fmedia&parent=6124"}],"wp:term":[{"taxonomy":"category","embeddable":true,"href":"https:\/\/fmtinkunaco.ar\/index.php?rest_route=%2Fwp%2Fv2%2Fcategories&post=6124"},{"taxonomy":"post_tag","embeddable":true,"href":"https:\/\/fmtinkunaco.ar\/index.php?rest_route=%2Fwp%2Fv2%2Ftags&post=6124"}],"curies":[{"name":"wp","href":"https:\/\/api.w.org\/{rel}","templated":true}]}}