{"id":6133,"date":"2023-11-24T11:17:39","date_gmt":"2023-11-24T14:17:39","guid":{"rendered":"https:\/\/fmtinkunaco.ar\/?p=6133"},"modified":"2023-11-24T11:17:39","modified_gmt":"2023-11-24T14:17:39","slug":"caminata-nocturna-en-la-reserva-natural-municipal-de-pilar","status":"publish","type":"post","link":"https:\/\/fmtinkunaco.ar\/?p=6133","title":{"rendered":"Caminata Nocturna en la Reserva Natural Municipal de Pilar"},"content":{"rendered":"\n<p>La Reserva Natural de Pilar invita a la Caminata Nocturna bajo la luna llena y Observaci\u00f3n de Aves crepusculares este s\u00e1bado 25 de noviembre a partir de las 19.30hs.<br><br>Graciela Capodoglio, referente de la Reserva Natural de Pilar, realiz\u00f3 la invitaci\u00f3n y remarc\u00f3 <em>\u201cTe invitamos para disfrutar de los sonidos de la noche y s\u00ed lo que te gusta es observar aves nocturnas va a haber un grupo que se va a dedicar especialmente a eso. La idea es que podamos disfrutar de las noches de verano a la luz de la luna\u201d.<\/em><br><br>La actividad es libre y gratuita, el punto de encuentro es en la recepci\u00f3n de la reserva y recomiendan llevar calzado cerrado, ropa c\u00f3moda, abrigo, repelente para mosquitos y s\u00ed queres quedarte al fog\u00f3n podes llevar algo para compartir.<br><br>Invitaci\u00f3n realizada en el noticiero Encuentro con las Noticias<\/p>\n\n\n\n<p><a href=\"https:\/\/archive.org\/details\/audio-capodoglio-camina-nocturna-25-11\">Descargar<\/a><\/p>\n\n\n<p><iframe loading=\"lazy\" src=\"https:\/\/archive.org\/embed\/audio-capodoglio-camina-nocturna-25-11\" width=\"500\" height=\"60\" frameborder=\"0\" webkitallowfullscreen=\"true\" mozallowfullscreen=\"true\" allowfullscreen><\/iframe><\/p>","protected":false},"excerpt":{"rendered":"<p>La Reserva Natural de Pilar invita a la Caminata Nocturna bajo la luna llena y Observaci\u00f3n de Aves crepusculares este s\u00e1bado 25 de noviembre a partir de las 19.30hs. Graciela Capodoglio, referente de la Reserva Natural de Pilar, realiz\u00f3 la invitaci\u00f3n y remarc\u00f3 \u201cTe invitamos para disfrutar de los sonidos de la noche y s\u00ed [&hellip;]<\/p>\n","protected":false},"author":1,"featured_media":6134,"comment_status":"open","ping_status":"open","sticky":false,"template":"","format":"standard","meta":{"footnotes":""},"categories":[2],"tags":[],"class_list":["post-6133","post","type-post","status-publish","format-standard","has-post-thumbnail","hentry","category-ambiente"],"_links":{"self":[{"href":"https:\/\/fmtinkunaco.ar\/index.php?rest_route=\/wp\/v2\/posts\/6133","targetHints":{"allow":["GET"]}}],"collection":[{"href":"https:\/\/fmtinkunaco.ar\/index.php?rest_route=\/wp\/v2\/posts"}],"about":[{"href":"https:\/\/fmtinkunaco.ar\/index.php?rest_route=\/wp\/v2\/types\/post"}],"author":[{"embeddable":true,"href":"https:\/\/fmtinkunaco.ar\/index.php?rest_route=\/wp\/v2\/users\/1"}],"replies":[{"embeddable":true,"href":"https:\/\/fmtinkunaco.ar\/index.php?rest_route=%2Fwp%2Fv2%2Fcomments&post=6133"}],"version-history":[{"count":1,"href":"https:\/\/fmtinkunaco.ar\/index.php?rest_route=\/wp\/v2\/posts\/6133\/revisions"}],"predecessor-version":[{"id":6135,"href":"https:\/\/fmtinkunaco.ar\/index.php?rest_route=\/wp\/v2\/posts\/6133\/revisions\/6135"}],"wp:featuredmedia":[{"embeddable":true,"href":"https:\/\/fmtinkunaco.ar\/index.php?rest_route=\/wp\/v2\/media\/6134"}],"wp:attachment":[{"href":"https:\/\/fmtinkunaco.ar\/index.php?rest_route=%2Fwp%2Fv2%2Fmedia&parent=6133"}],"wp:term":[{"taxonomy":"category","embeddable":true,"href":"https:\/\/fmtinkunaco.ar\/index.php?rest_route=%2Fwp%2Fv2%2Fcategories&post=6133"},{"taxonomy":"post_tag","embeddable":true,"href":"https:\/\/fmtinkunaco.ar\/index.php?rest_route=%2Fwp%2Fv2%2Ftags&post=6133"}],"curies":[{"name":"wp","href":"https:\/\/api.w.org\/{rel}","templated":true}]}}