{"id":6136,"date":"2023-11-27T10:57:31","date_gmt":"2023-11-27T13:57:31","guid":{"rendered":"https:\/\/fmtinkunaco.ar\/?p=6136"},"modified":"2023-11-27T10:57:31","modified_gmt":"2023-11-27T13:57:31","slug":"taller-navideno-ceramica-en-lo-de-vivi","status":"publish","type":"post","link":"https:\/\/fmtinkunaco.ar\/?p=6136","title":{"rendered":"Taller navide\u00f1o: Cer\u00e1mica en \u201cLo de Vivi\u201d"},"content":{"rendered":"\n<p>El s\u00e1bado 2 de Diciembre a las 17:00hs se va a estar realizando un encuentro art\u00edstico de cer\u00e1mica En lo de Vivi, ideal para pasar en familia y con amigos.<\/p>\n\n\n\n<p>Viviana Zarza, organizadora del espacio, contaba que se va a tratar de \u201cUn momento de pura creaci\u00f3n con esp\u00edritu navide\u00f1o. No necesitas experiencia, solo ganas de experimentar nuevos materiales y formas de expresi\u00f3n\u201d<\/p>\n\n\n\n<p>Se trabajara con t\u00e9cnicas de decoraci\u00f3n en cer\u00e1mica, se podr\u00e1 pintar e intervenir sobre las siguientes piezas de cer\u00e1mica: un pino navide\u00f1o, una bandeja y cinco adornos decorativos (ideal para el \u00e1rbol de navidad).<\/p>\n\n\n\n<p>Incluye todos los materiales, las piezas de cer\u00e1mica, la horneada de \u00e9stas y un break con comidas caseras e infusiones calientes o fr\u00edas. Las piezas se podr\u00e1n retirar luego de las 12 de Diciembre.<\/p>\n\n\n\n<p>Cuenta con un valor de $8000, y para poder reservar se debe abonar la se\u00f1a del 50%<\/p>\n\n\n\n<p>Para m\u00e1s informaci\u00f3n y reservas comunicarse al 1161658405.<\/p>\n\n\n\n<p>Entrevista completa en el Noticiero Encuentro con las Noticias<\/p>\n\n\n<p><iframe loading=\"lazy\" src=\"https:\/\/archive.org\/embed\/audio-vivi-taller-naviden-o-02-12-2023\" width=\"500\" height=\"60\" frameborder=\"0\" webkitallowfullscreen=\"true\" mozallowfullscreen=\"true\" allowfullscreen><\/iframe><\/p>\n\n\n<p><a href=\"https:\/\/archive.org\/details\/audio-vivi-taller-naviden-o-02-12-2023\" data-type=\"link\" data-id=\"https:\/\/archive.org\/details\/audio-vivi-taller-naviden-o-02-12-2023\">Descargar<\/a><\/p>\n","protected":false},"excerpt":{"rendered":"<p>El s\u00e1bado 2 de Diciembre a las 17:00hs se va a estar realizando un encuentro art\u00edstico de cer\u00e1mica En lo de Vivi, ideal para pasar en familia y con amigos. Viviana Zarza, organizadora del espacio, contaba que se va a tratar de \u201cUn momento de pura creaci\u00f3n con esp\u00edritu navide\u00f1o. No necesitas experiencia, solo ganas [&hellip;]<\/p>\n","protected":false},"author":1,"featured_media":6137,"comment_status":"open","ping_status":"open","sticky":false,"template":"","format":"standard","meta":{"footnotes":""},"categories":[3],"tags":[],"class_list":["post-6136","post","type-post","status-publish","format-standard","has-post-thumbnail","hentry","category-cultura"],"_links":{"self":[{"href":"https:\/\/fmtinkunaco.ar\/index.php?rest_route=\/wp\/v2\/posts\/6136","targetHints":{"allow":["GET"]}}],"collection":[{"href":"https:\/\/fmtinkunaco.ar\/index.php?rest_route=\/wp\/v2\/posts"}],"about":[{"href":"https:\/\/fmtinkunaco.ar\/index.php?rest_route=\/wp\/v2\/types\/post"}],"author":[{"embeddable":true,"href":"https:\/\/fmtinkunaco.ar\/index.php?rest_route=\/wp\/v2\/users\/1"}],"replies":[{"embeddable":true,"href":"https:\/\/fmtinkunaco.ar\/index.php?rest_route=%2Fwp%2Fv2%2Fcomments&post=6136"}],"version-history":[{"count":1,"href":"https:\/\/fmtinkunaco.ar\/index.php?rest_route=\/wp\/v2\/posts\/6136\/revisions"}],"predecessor-version":[{"id":6138,"href":"https:\/\/fmtinkunaco.ar\/index.php?rest_route=\/wp\/v2\/posts\/6136\/revisions\/6138"}],"wp:featuredmedia":[{"embeddable":true,"href":"https:\/\/fmtinkunaco.ar\/index.php?rest_route=\/wp\/v2\/media\/6137"}],"wp:attachment":[{"href":"https:\/\/fmtinkunaco.ar\/index.php?rest_route=%2Fwp%2Fv2%2Fmedia&parent=6136"}],"wp:term":[{"taxonomy":"category","embeddable":true,"href":"https:\/\/fmtinkunaco.ar\/index.php?rest_route=%2Fwp%2Fv2%2Fcategories&post=6136"},{"taxonomy":"post_tag","embeddable":true,"href":"https:\/\/fmtinkunaco.ar\/index.php?rest_route=%2Fwp%2Fv2%2Ftags&post=6136"}],"curies":[{"name":"wp","href":"https:\/\/api.w.org\/{rel}","templated":true}]}}