{"id":6139,"date":"2023-11-27T11:47:26","date_gmt":"2023-11-27T14:47:26","guid":{"rendered":"https:\/\/fmtinkunaco.ar\/?p=6139"},"modified":"2023-11-28T09:57:53","modified_gmt":"2023-11-28T12:57:53","slug":"el-centro-comunitario-providencia-invita-a-la-presentacion-de-la-obra-con-la-memoria-no","status":"publish","type":"post","link":"https:\/\/fmtinkunaco.ar\/?p=6139","title":{"rendered":"El Centro Comunitario Providencia invita a la presentaci\u00f3n de la obra \u201c\u00a1Con la Memoria NO!\u201d"},"content":{"rendered":"\n<p><br>El Centro Comunitario Providencia junto a la Murga Gastasuelas y J\u00f3venes y Memoria invita a la presentaci\u00f3n de <strong>\u201c\u00a1Con la Memoria NO!\u201d<\/strong> el pr\u00f3ximo mi\u00e9rcoles 29 de noviembre a partir de las 20hs en el Centro Cultural Jos\u00e9. C. Paz \u2013 Zuvir\u00eda 4852.<br><br>\u201c\u00a1Con la Memoria NO!\u201d es el trabajo que los j\u00f3venes del Centro Comunitario y de la Murga presentaron en la edici\u00f3n de este a\u00f1o de J\u00f3venes y Memoria en Chapadmalal.<br><br>Ignacio Aranda, es referente del Centro comunitario Providencia, y se refiri\u00f3 al proyecto <em>\u201cEl proyecto comienza a principio de a\u00f1o, por la preocupaci\u00f3n de los educadores de j\u00f3venes por el regreso del negacionismo y el desconocimiento de nuestro barrio, y de mucha gente de la zona, sobre los hechos terribles que ocurrieron en Campo de Mayo durante la \u00faltima dictadura, se sabe que es el centro clandestino de detenci\u00f3n m\u00e1s grande del pa\u00eds donde pasaron m\u00e1s de 7 mil personas detenidas desaparecidas y que sobrevivieron menos de 100. A partir de eso, empezamos un camino de reconstrucci\u00f3n de la memoria\u201d.<\/em><br><br>Aranda, adem\u00e1s, describi\u00f3 <em>\u201cArmamos una obrita de teatro que representa a la \u00e9poca de la dictadura y la compara con el negacionismo resurgente de esta \u00e9poca\u201d.<br><br><\/em>La invitaci\u00f3n es este mi\u00e9rcoles 29 de noviembre a las 20 hs en Zuvir\u00eda 4852 \u2013 Centro Cultural de Jos\u00e9. C. Paz.<br><br>Entrevista realizada en el Noticiero Encuentro con las Noticias<\/p>\n\n\n\n<p><br><a href=\"https:\/\/archive.org\/details\/audio-nacho-aranda-27-11-2023\">Descargar<\/a><\/p>\n\n\n<p><iframe loading=\"lazy\" src=\"https:\/\/archive.org\/embed\/audio-nacho-aranda-27-11-2023\" width=\"500\" height=\"60\" frameborder=\"0\" webkitallowfullscreen=\"true\" mozallowfullscreen=\"true\" allowfullscreen><\/iframe><\/p>","protected":false},"excerpt":{"rendered":"<p>El Centro Comunitario Providencia junto a la Murga Gastasuelas y J\u00f3venes y Memoria invita a la presentaci\u00f3n de \u201c\u00a1Con la Memoria NO!\u201d el pr\u00f3ximo mi\u00e9rcoles 29 de noviembre a partir de las 20hs en el Centro Cultural Jos\u00e9. C. Paz \u2013 Zuvir\u00eda 4852. \u201c\u00a1Con la Memoria NO!\u201d es el trabajo que los j\u00f3venes del Centro [&hellip;]<\/p>\n","protected":false},"author":1,"featured_media":6140,"comment_status":"open","ping_status":"open","sticky":false,"template":"","format":"standard","meta":{"footnotes":""},"categories":[4],"tags":[],"class_list":["post-6139","post","type-post","status-publish","format-standard","has-post-thumbnail","hentry","category-derechos-humanos"],"_links":{"self":[{"href":"https:\/\/fmtinkunaco.ar\/index.php?rest_route=\/wp\/v2\/posts\/6139","targetHints":{"allow":["GET"]}}],"collection":[{"href":"https:\/\/fmtinkunaco.ar\/index.php?rest_route=\/wp\/v2\/posts"}],"about":[{"href":"https:\/\/fmtinkunaco.ar\/index.php?rest_route=\/wp\/v2\/types\/post"}],"author":[{"embeddable":true,"href":"https:\/\/fmtinkunaco.ar\/index.php?rest_route=\/wp\/v2\/users\/1"}],"replies":[{"embeddable":true,"href":"https:\/\/fmtinkunaco.ar\/index.php?rest_route=%2Fwp%2Fv2%2Fcomments&post=6139"}],"version-history":[{"count":2,"href":"https:\/\/fmtinkunaco.ar\/index.php?rest_route=\/wp\/v2\/posts\/6139\/revisions"}],"predecessor-version":[{"id":6143,"href":"https:\/\/fmtinkunaco.ar\/index.php?rest_route=\/wp\/v2\/posts\/6139\/revisions\/6143"}],"wp:featuredmedia":[{"embeddable":true,"href":"https:\/\/fmtinkunaco.ar\/index.php?rest_route=\/wp\/v2\/media\/6140"}],"wp:attachment":[{"href":"https:\/\/fmtinkunaco.ar\/index.php?rest_route=%2Fwp%2Fv2%2Fmedia&parent=6139"}],"wp:term":[{"taxonomy":"category","embeddable":true,"href":"https:\/\/fmtinkunaco.ar\/index.php?rest_route=%2Fwp%2Fv2%2Fcategories&post=6139"},{"taxonomy":"post_tag","embeddable":true,"href":"https:\/\/fmtinkunaco.ar\/index.php?rest_route=%2Fwp%2Fv2%2Ftags&post=6139"}],"curies":[{"name":"wp","href":"https:\/\/api.w.org\/{rel}","templated":true}]}}