{"id":6144,"date":"2023-11-28T11:32:26","date_gmt":"2023-11-28T14:32:26","guid":{"rendered":"https:\/\/fmtinkunaco.ar\/?p=6144"},"modified":"2023-11-28T11:32:26","modified_gmt":"2023-11-28T14:32:26","slug":"el-centro-comunitario-belen-realizo-una-asamblea-con-familias-para-informar-la-situacion-actual-de-la-organizacion","status":"publish","type":"post","link":"https:\/\/fmtinkunaco.ar\/?p=6144","title":{"rendered":"El Centro Comunitario Bel\u00e9n realiz\u00f3 una asamblea con familias para informar la situaci\u00f3n actual de la organizaci\u00f3n"},"content":{"rendered":"\n<p>El Centro Comunitario Bel\u00e9n (CCB), con casi 40 a\u00f1os de trabajo en el territorio, realiz\u00f3 una asamblea con familias de la organizaci\u00f3n, vecinos y vecinas para compartir la situaci\u00f3n actual en el marco de un nuevo gobierno electo.<br><br>El CCB, ubicado en San Atilio (Jos\u00e9. C. Paz) recibe cada d\u00eda a infancias de 45 d\u00edas y 12 a\u00f1os y a j\u00f3venes de hasta 21 a\u00f1os, a los que se les brinda contenci\u00f3n, acompa\u00f1amiento escolar, talleres de arte pero tambi\u00e9n un plato de comida. Actualmente asisten m\u00e1s de 330 infancias y j\u00f3venes.<br><br>Bel\u00e9n Ben\u00edtez, Coordinadora del Centro Comunitario Bel\u00e9n, explic\u00f3 que el funcionamiento de la organizaci\u00f3n depende en gran parte de aportes del Estado <em>\u201cLa mayor parte de nuestro funcionamiento depende del Estado, en dos partes, una es desde el estado de Provincia y otra es desde Naci\u00f3n. En estos momentos, nosotros con el programa de Naci\u00f3n, dependemos espec\u00edficamente del alimento, que es lo esencial en este centro comunitario; hace a\u00f1os que nos caracteriza sobretodo en pandemia por salir a responder en momentos de crisis. Nosotros no nos definimos como un comedor y nada m\u00e1s pero si es verdad que cuando la comunidad lo necesita el centro siempre dio la respuesta y la realidad es critica, con respecto a Naci\u00f3n, e incertidumbre much\u00edsima con respecto a los dos programas, en el de provincia tambi\u00e9n porque se teme un efecto rebote\u201d.<\/em><br><br>Ben\u00edtez, adem\u00e1s, explic\u00f3 <em>\u201cDesde el programa de Naci\u00f3n lo que se teme es el ajuste brutal, por parte del Estado y del gobierno de Milei para con nosotros sobretodo porque no estamos amparados bajo ninguna ley y eso es lo peligroso, que afecte directamente a nuestro espacio que hace 40 a\u00f1os que viene luchando, militando y sosteniendo a la comunidad y que tambi\u00e9n es un poquito ver que la comunidad esta entrando en esa crisis y nosotros no vamos a poder dar respuesta o por lo menos como ellos esperan\u201d.<\/em><br><br>Finalmente, Bel\u00e9n Ben\u00edtez, cont\u00f3 lo sucedido en la asamblea <em>\u201cLa asamblea que tuvimos fue un poquito mostrar nuestra realidad y qu\u00e9 va a pasar s\u00ed nosotros no podemos conveniar justamente el 10 de diciembre el nuevo programa de alimentos. Le contamos a la familia, primero, c\u00f3mo venia la mano, c\u00f3mo se divid\u00edan las cuestiones de los gastos para que tengan una idea y despu\u00e9s les dijimos, bueno, nosotros conveniamos, en el mejor de los casos conveniamos los dos programas, el de alimentos como el de los educadores, aun as\u00ed hay una crisis que nos est\u00e1 atravesando, hace ya un tiempito, entonces vamos a bajar la cantidad de d\u00edas que las infancias tienen un postre o la cantidad de d\u00edas que toman una leche y eso impacta directamente en las infancias y en su crecimiento, y en su bienestar y en los derechos que defendemos hace tantos a\u00f1os. Entonces es totalmente angustiante y tambi\u00e9n el equipo de trabajo, que somos 33 personas y 33 familias atr\u00e1s de eso\u201d.<br><br><\/em>El Centro comunitario reconoci\u00f3 de alentadora y positiva la asamblea con las familias, quienes adem\u00e1s propusieron en primera instancia comenzar a donar elementos de limpieza, higiene, alimentos para poder hacer la redistribuci\u00f3n.<br><br>Y depende de lo que suceda luego del 10 de diciembre, ver la posibilidad de pr\u00f3ximas medidas y acciones colectivas.<br><br>Entrevista realizada en el Noticiero Encuentro con las Noticias<\/p>\n\n\n\n<p><br><a href=\"https:\/\/archive.org\/details\/audio-belen-benitez-28-11-2023\">Descargar<\/a><\/p>\n\n\n<p><iframe loading=\"lazy\" src=\"https:\/\/archive.org\/embed\/audio-belen-benitez-28-11-2023\" width=\"500\" height=\"60\" frameborder=\"0\" webkitallowfullscreen=\"true\" mozallowfullscreen=\"true\" allowfullscreen><\/iframe><\/p>","protected":false},"excerpt":{"rendered":"<p>El Centro Comunitario Bel\u00e9n (CCB), con casi 40 a\u00f1os de trabajo en el territorio, realiz\u00f3 una asamblea con familias de la organizaci\u00f3n, vecinos y vecinas para compartir la situaci\u00f3n actual en el marco de un nuevo gobierno electo. El CCB, ubicado en San Atilio (Jos\u00e9. C. Paz) recibe cada d\u00eda a infancias de 45 d\u00edas [&hellip;]<\/p>\n","protected":false},"author":1,"featured_media":6145,"comment_status":"open","ping_status":"open","sticky":false,"template":"","format":"standard","meta":{"footnotes":""},"categories":[1],"tags":[],"class_list":["post-6144","post","type-post","status-publish","format-standard","has-post-thumbnail","hentry","category-blog"],"_links":{"self":[{"href":"https:\/\/fmtinkunaco.ar\/index.php?rest_route=\/wp\/v2\/posts\/6144","targetHints":{"allow":["GET"]}}],"collection":[{"href":"https:\/\/fmtinkunaco.ar\/index.php?rest_route=\/wp\/v2\/posts"}],"about":[{"href":"https:\/\/fmtinkunaco.ar\/index.php?rest_route=\/wp\/v2\/types\/post"}],"author":[{"embeddable":true,"href":"https:\/\/fmtinkunaco.ar\/index.php?rest_route=\/wp\/v2\/users\/1"}],"replies":[{"embeddable":true,"href":"https:\/\/fmtinkunaco.ar\/index.php?rest_route=%2Fwp%2Fv2%2Fcomments&post=6144"}],"version-history":[{"count":1,"href":"https:\/\/fmtinkunaco.ar\/index.php?rest_route=\/wp\/v2\/posts\/6144\/revisions"}],"predecessor-version":[{"id":6146,"href":"https:\/\/fmtinkunaco.ar\/index.php?rest_route=\/wp\/v2\/posts\/6144\/revisions\/6146"}],"wp:featuredmedia":[{"embeddable":true,"href":"https:\/\/fmtinkunaco.ar\/index.php?rest_route=\/wp\/v2\/media\/6145"}],"wp:attachment":[{"href":"https:\/\/fmtinkunaco.ar\/index.php?rest_route=%2Fwp%2Fv2%2Fmedia&parent=6144"}],"wp:term":[{"taxonomy":"category","embeddable":true,"href":"https:\/\/fmtinkunaco.ar\/index.php?rest_route=%2Fwp%2Fv2%2Fcategories&post=6144"},{"taxonomy":"post_tag","embeddable":true,"href":"https:\/\/fmtinkunaco.ar\/index.php?rest_route=%2Fwp%2Fv2%2Ftags&post=6144"}],"curies":[{"name":"wp","href":"https:\/\/api.w.org\/{rel}","templated":true}]}}