{"id":6147,"date":"2023-11-29T10:22:45","date_gmt":"2023-11-29T13:22:45","guid":{"rendered":"https:\/\/fmtinkunaco.ar\/?p=6147"},"modified":"2023-11-29T10:22:45","modified_gmt":"2023-11-29T13:22:45","slug":"la-asociacion-civil-infancias-libres-y-su-trabajo-por-la-igualdad-de-derechos","status":"publish","type":"post","link":"https:\/\/fmtinkunaco.ar\/?p=6147","title":{"rendered":"La Asociaci\u00f3n Civil Infancias Libres y su trabajo por la igualdad de derechos"},"content":{"rendered":"\n<p><br>La Asociaci\u00f3n Civil Infancias Libres promueve la igual de derechos en ni\u00f1os y ni\u00f1as trans y una infancia libre de violencias y discriminaciones.<br><br>Florencia, es mam\u00e1 de una infancia trans e integrante de Infancias Libres, y comparti\u00f3 su experiencia <em>\u201cSoy mam\u00e1 de una infancia trans, de 11 a\u00f1os, cuando pasamos la experiencia que nos trae nuestro hijo ya hace 8 a\u00f1os, en ese momento la \u00fanica informaci\u00f3n que hab\u00eda a mano era la experiencia de Luana, la primera ni\u00f1a en el mundo de obtener su DNI y de su mam\u00e1 Gabriela que hab\u00eda escrito un libro y no eramos la unica familia que nos acercamos, sino que de todo el pa\u00eds muchas familias se sent\u00edan identificadas con su experiencia y buscan formaci\u00f3n. Y as\u00ed es que en el 2017 se crea este primer espacio de encuentro para trabajar con las ni\u00f1eces travestis- trans, no binarias y con sus familias y luego, a lo largo de estos 8 a\u00f1os toma un rol un poco m\u00e1s colectivo-pol\u00edtico de creaci\u00f3n de informaci\u00f3n para cubrir estos huecos donde no habia material para la eduaci\u00f3n, para la salud, a nivel judicial, todos estos espacios donde s\u00ed bien est\u00e1n las leyes, lo que faltaban eran las pol\u00edticas p\u00fablicas\u201d.<br><br><\/em>Florencia, adem\u00e1s, explic\u00f3<em> \u201cSomos muchas familias que algunas estamos hace ya 8 a\u00f1os, otras se van sumando, otras hemos perdido contacto este \u00faltimo tiempo pero, aproximadamente, han pasado 800\/900 familias y lo bueno es que durante todos estos a\u00f1os se han ampliado tambi\u00e9n las informaciones, se han ampliado los espacios, entonces s\u00ed bien no est\u00e1n concretamente en el espacio de Infancias Libres est\u00e1n haciendo cosas por la infancia travesti-trans\u201d.<br><br><\/em>Finalmente, Florencia, remarc\u00f3 la importancia del trabajo que lleva adelante la asociaci\u00f3n Infancias Libres<em> \u201cEl trabajo concreto que hace es trabajar para velar por los derechos de las infancias travestis, trans, no binaria y las adolescencias a traves de la creaci\u00f3n de material bibliografico, a traves de informes estadisticos que tiene ya una segunda actualizaci\u00f3n en base a distintas experiencias de ni\u00f1eces y adolescencias travestis trans que cuenta la situaci\u00f3n actual de estas ni\u00f1eces y adolescencias. (\u2026) Es mas un rol de informaci\u00f3n, de brindar charlas, acompa\u00f1amos en tematicas puntuales de familias que se comunican, m\u00e1s que nada el trabajo es ese\u201d.<br><br><\/em>Para comunicarte con la asociaci\u00f3n podes comunicarte mediante sus redes sociales<em> Asociaci\u00f3n Civil Infancias Libres.<br><br><\/em>Entrevista realizada en el Noticiero Encuentro con las Noticias<\/p>\n\n\n\n<p><br><a href=\"https:\/\/archive.org\/details\/audio-florencia-infancia-trans-28-11-2023\">Descargar<br><\/a><\/p>\n\n\n<p><iframe loading=\"lazy\" src=\"https:\/\/archive.org\/embed\/audio-florencia-infancia-trans-28-11-2023\" width=\"500\" height=\"60\" frameborder=\"0\" webkitallowfullscreen=\"true\" mozallowfullscreen=\"true\" allowfullscreen><\/iframe><\/p>","protected":false},"excerpt":{"rendered":"<p>La Asociaci\u00f3n Civil Infancias Libres promueve la igual de derechos en ni\u00f1os y ni\u00f1as trans y una infancia libre de violencias y discriminaciones. Florencia, es mam\u00e1 de una infancia trans e integrante de Infancias Libres, y comparti\u00f3 su experiencia \u201cSoy mam\u00e1 de una infancia trans, de 11 a\u00f1os, cuando pasamos la experiencia que nos trae [&hellip;]<\/p>\n","protected":false},"author":1,"featured_media":6148,"comment_status":"open","ping_status":"open","sticky":false,"template":"","format":"standard","meta":{"footnotes":""},"categories":[4,6],"tags":[],"class_list":["post-6147","post","type-post","status-publish","format-standard","has-post-thumbnail","hentry","category-derechos-humanos","category-genero"],"_links":{"self":[{"href":"https:\/\/fmtinkunaco.ar\/index.php?rest_route=\/wp\/v2\/posts\/6147","targetHints":{"allow":["GET"]}}],"collection":[{"href":"https:\/\/fmtinkunaco.ar\/index.php?rest_route=\/wp\/v2\/posts"}],"about":[{"href":"https:\/\/fmtinkunaco.ar\/index.php?rest_route=\/wp\/v2\/types\/post"}],"author":[{"embeddable":true,"href":"https:\/\/fmtinkunaco.ar\/index.php?rest_route=\/wp\/v2\/users\/1"}],"replies":[{"embeddable":true,"href":"https:\/\/fmtinkunaco.ar\/index.php?rest_route=%2Fwp%2Fv2%2Fcomments&post=6147"}],"version-history":[{"count":1,"href":"https:\/\/fmtinkunaco.ar\/index.php?rest_route=\/wp\/v2\/posts\/6147\/revisions"}],"predecessor-version":[{"id":6149,"href":"https:\/\/fmtinkunaco.ar\/index.php?rest_route=\/wp\/v2\/posts\/6147\/revisions\/6149"}],"wp:featuredmedia":[{"embeddable":true,"href":"https:\/\/fmtinkunaco.ar\/index.php?rest_route=\/wp\/v2\/media\/6148"}],"wp:attachment":[{"href":"https:\/\/fmtinkunaco.ar\/index.php?rest_route=%2Fwp%2Fv2%2Fmedia&parent=6147"}],"wp:term":[{"taxonomy":"category","embeddable":true,"href":"https:\/\/fmtinkunaco.ar\/index.php?rest_route=%2Fwp%2Fv2%2Fcategories&post=6147"},{"taxonomy":"post_tag","embeddable":true,"href":"https:\/\/fmtinkunaco.ar\/index.php?rest_route=%2Fwp%2Fv2%2Ftags&post=6147"}],"curies":[{"name":"wp","href":"https:\/\/api.w.org\/{rel}","templated":true}]}}