{"id":6155,"date":"2023-11-30T10:51:52","date_gmt":"2023-11-30T13:51:52","guid":{"rendered":"https:\/\/fmtinkunaco.ar\/?p=6155"},"modified":"2023-11-30T10:51:52","modified_gmt":"2023-11-30T13:51:52","slug":"enaccion-celebra-25-anos-de-trabajo-comunitario","status":"publish","type":"post","link":"https:\/\/fmtinkunaco.ar\/?p=6155","title":{"rendered":"\u201cEnacci\u00f3n\u201d celebra 25 a\u00f1os de trabajo comunitario"},"content":{"rendered":"\n<p>Este s\u00e1bado 02\/12, a partir de las 19hs, la organizaci\u00f3n comunitaria Enacci\u00f3n va a estar realizando un festival celebrando sus 25 a\u00f1os de recorrido colectivo y comunitario.<\/p>\n\n\n\n<p>Urpila Yuraq, estudiante de licenciatura en enfermer\u00eda &nbsp;y referente del espacio, nos invita a compartir \u201c<em>desde la comunidad, porque somos comunidad, porque somos territorio, porque somos de ac\u00e1\u201d<\/em><\/p>\n\n\n\n<p>El evento va tener comida a la canasta y un buffet econ\u00f3mico.<\/p>\n\n\n\n<p>La entrada es libre y gratuita, el \u00fanico requisito es llevar una silla si gustan.<\/p>\n\n\n\n<p>La direcci\u00f3n es Baroni 891, \u201cEl campito\u201d Los Polvorines.<\/p>\n\n\n\n<p>Invitaci\u00f3n realizada en el Noticiero Encuentro con las noticias<\/p>\n\n\n<p><iframe loading=\"lazy\" src=\"https:\/\/archive.org\/embed\/audio-urpi-25-an-os-enaccio-n-02-11-23\" width=\"500\" height=\"60\" frameborder=\"0\" webkitallowfullscreen=\"true\" mozallowfullscreen=\"true\" allowfullscreen><\/iframe><\/p>\n\n\n<p><a href=\"https:\/\/archive.org\/details\/audio-urpi-25-an-os-enaccio-n-02-11-23\" data-type=\"link\" data-id=\"https:\/\/archive.org\/details\/audio-urpi-25-an-os-enaccio-n-02-11-23\">Descargar<\/a><\/p>\n","protected":false},"excerpt":{"rendered":"<p>Este s\u00e1bado 02\/12, a partir de las 19hs, la organizaci\u00f3n comunitaria Enacci\u00f3n va a estar realizando un festival celebrando sus 25 a\u00f1os de recorrido colectivo y comunitario. Urpila Yuraq, estudiante de licenciatura en enfermer\u00eda &nbsp;y referente del espacio, nos invita a compartir \u201cdesde la comunidad, porque somos comunidad, porque somos territorio, porque somos de ac\u00e1\u201d [&hellip;]<\/p>\n","protected":false},"author":1,"featured_media":6156,"comment_status":"open","ping_status":"open","sticky":false,"template":"","format":"standard","meta":{"footnotes":""},"categories":[3],"tags":[],"class_list":["post-6155","post","type-post","status-publish","format-standard","has-post-thumbnail","hentry","category-cultura"],"_links":{"self":[{"href":"https:\/\/fmtinkunaco.ar\/index.php?rest_route=\/wp\/v2\/posts\/6155","targetHints":{"allow":["GET"]}}],"collection":[{"href":"https:\/\/fmtinkunaco.ar\/index.php?rest_route=\/wp\/v2\/posts"}],"about":[{"href":"https:\/\/fmtinkunaco.ar\/index.php?rest_route=\/wp\/v2\/types\/post"}],"author":[{"embeddable":true,"href":"https:\/\/fmtinkunaco.ar\/index.php?rest_route=\/wp\/v2\/users\/1"}],"replies":[{"embeddable":true,"href":"https:\/\/fmtinkunaco.ar\/index.php?rest_route=%2Fwp%2Fv2%2Fcomments&post=6155"}],"version-history":[{"count":1,"href":"https:\/\/fmtinkunaco.ar\/index.php?rest_route=\/wp\/v2\/posts\/6155\/revisions"}],"predecessor-version":[{"id":6157,"href":"https:\/\/fmtinkunaco.ar\/index.php?rest_route=\/wp\/v2\/posts\/6155\/revisions\/6157"}],"wp:featuredmedia":[{"embeddable":true,"href":"https:\/\/fmtinkunaco.ar\/index.php?rest_route=\/wp\/v2\/media\/6156"}],"wp:attachment":[{"href":"https:\/\/fmtinkunaco.ar\/index.php?rest_route=%2Fwp%2Fv2%2Fmedia&parent=6155"}],"wp:term":[{"taxonomy":"category","embeddable":true,"href":"https:\/\/fmtinkunaco.ar\/index.php?rest_route=%2Fwp%2Fv2%2Fcategories&post=6155"},{"taxonomy":"post_tag","embeddable":true,"href":"https:\/\/fmtinkunaco.ar\/index.php?rest_route=%2Fwp%2Fv2%2Ftags&post=6155"}],"curies":[{"name":"wp","href":"https:\/\/api.w.org\/{rel}","templated":true}]}}