{"id":6158,"date":"2023-11-30T11:03:07","date_gmt":"2023-11-30T14:03:07","guid":{"rendered":"https:\/\/fmtinkunaco.ar\/?p=6158"},"modified":"2023-11-30T11:03:07","modified_gmt":"2023-11-30T14:03:07","slug":"3-marcha-del-orgullo-en-el-municipio-de-malvinas-argentinas","status":"publish","type":"post","link":"https:\/\/fmtinkunaco.ar\/?p=6158","title":{"rendered":"3\u00b0 Marcha del Orgullo en el municipio de Malvinas Argentinas"},"content":{"rendered":"\n<p>El Frente de Diversidad de Malvinas Argentinas invita, el pr\u00f3ximo s\u00e1bado 2 de diciembre, a la 3\u00b0 Marcha del Orgullo que se realizar\u00e1 en el predio del Palacio Municipal de Malvinas Argentinas a partir de las 16hs.<br><br>Patricia Vitale, es Coordinadora del Departamento de Diversidad de Malvinas Argentinas y parte de la Comisi\u00f3n Organizadora de la Marcha del Orgullo, y relat\u00f3 el camino hacia esta tercer marcha <em>\u201cEsta marcha se gestion\u00f3 durante mucho tiempo la organizaci\u00f3n y durante el a\u00f1o 2021 se declar\u00f3 en el Honorable Concejo Deliberante a noviembre como mes del orgullo malvinense y a partir de all\u00ed se estableci\u00f3, en aquel momento, la organizaci\u00f3n de la marcha para los primeros d\u00edas de diciembre por una cuesti\u00f3n m\u00e1s organizativa porque durante todo el mes de noviembre se realizan marchas en todo el pa\u00eds, incluyendo la marcha oficial que se realiza en CABA, entonces es por una cuesti\u00f3n organizativa\u201d.<\/em><br><br>Vitale, adem\u00e1s, realiz\u00f3 la invitaci\u00f3n y se refiri\u00f3 a lo que habr\u00e1 en la jornada <em>\u201c\u00c9sta marcha comienza con una actividad, a las 4 de la tarde, en el predio del Palacio Municipal de Malvinas Argentinas donde va a haber stands de lo que son las organizaciones que organizan esta actividad y esta marcha y tambi\u00e9n va a haber stands de microemprendedores y microemprendedoras del colectivo, personas del colectivo que venden sus artesan\u00edas y que muchas de ellas viven de este trabajo manual y va a haber, tambi\u00e9n, un escenario con diferentes artistas y despu\u00e9s como cierre se hace la marcha desde lo que es el monumento a nuestros H\u00e9roes de Malvinas hasta la Plaza de los Bomberos de Los Polvorines\u201d.<br><br><\/em>Finalmente, Patricia Vitale, remarc\u00f3 <em>\u201cEs m\u00e1s que nada para reencontrarnos, todos los a\u00f1os en este punto, para reafirmar el sentimiento de orgullo sobre las orientaciones sexuales e identidades de g\u00e9neros que tradicionalmente son marginadas y reprimidas\u201d.<br><\/em><br>Uno de los principales reclamos de la marcha, a nivel municipal, es el cumplimiento del cupo laboral trans.<br><em><br><\/em>La invitaci\u00f3n es este 2 de diciembre, a partir de las 16hs, en el predio municipal de Malvinas Argentinas.<br><br>Entrevista realizada en el Noticiero Encuentro con las Noticias<br><br><a href=\"https:\/\/archive.org\/details\/audio-patricia-vitale-30-11\">Descargar<\/a><br><\/p>\n\n\n<p><iframe loading=\"lazy\" src=\"https:\/\/archive.org\/embed\/audio-patricia-vitale-30-11\" width=\"500\" height=\"60\" frameborder=\"0\" webkitallowfullscreen=\"true\" mozallowfullscreen=\"true\" allowfullscreen><\/iframe><\/p>","protected":false},"excerpt":{"rendered":"<p>El Frente de Diversidad de Malvinas Argentinas invita, el pr\u00f3ximo s\u00e1bado 2 de diciembre, a la 3\u00b0 Marcha del Orgullo que se realizar\u00e1 en el predio del Palacio Municipal de Malvinas Argentinas a partir de las 16hs. Patricia Vitale, es Coordinadora del Departamento de Diversidad de Malvinas Argentinas y parte de la Comisi\u00f3n Organizadora de [&hellip;]<\/p>\n","protected":false},"author":1,"featured_media":6159,"comment_status":"open","ping_status":"open","sticky":false,"template":"","format":"standard","meta":{"footnotes":""},"categories":[6],"tags":[],"class_list":["post-6158","post","type-post","status-publish","format-standard","has-post-thumbnail","hentry","category-genero"],"_links":{"self":[{"href":"https:\/\/fmtinkunaco.ar\/index.php?rest_route=\/wp\/v2\/posts\/6158","targetHints":{"allow":["GET"]}}],"collection":[{"href":"https:\/\/fmtinkunaco.ar\/index.php?rest_route=\/wp\/v2\/posts"}],"about":[{"href":"https:\/\/fmtinkunaco.ar\/index.php?rest_route=\/wp\/v2\/types\/post"}],"author":[{"embeddable":true,"href":"https:\/\/fmtinkunaco.ar\/index.php?rest_route=\/wp\/v2\/users\/1"}],"replies":[{"embeddable":true,"href":"https:\/\/fmtinkunaco.ar\/index.php?rest_route=%2Fwp%2Fv2%2Fcomments&post=6158"}],"version-history":[{"count":1,"href":"https:\/\/fmtinkunaco.ar\/index.php?rest_route=\/wp\/v2\/posts\/6158\/revisions"}],"predecessor-version":[{"id":6160,"href":"https:\/\/fmtinkunaco.ar\/index.php?rest_route=\/wp\/v2\/posts\/6158\/revisions\/6160"}],"wp:featuredmedia":[{"embeddable":true,"href":"https:\/\/fmtinkunaco.ar\/index.php?rest_route=\/wp\/v2\/media\/6159"}],"wp:attachment":[{"href":"https:\/\/fmtinkunaco.ar\/index.php?rest_route=%2Fwp%2Fv2%2Fmedia&parent=6158"}],"wp:term":[{"taxonomy":"category","embeddable":true,"href":"https:\/\/fmtinkunaco.ar\/index.php?rest_route=%2Fwp%2Fv2%2Fcategories&post=6158"},{"taxonomy":"post_tag","embeddable":true,"href":"https:\/\/fmtinkunaco.ar\/index.php?rest_route=%2Fwp%2Fv2%2Ftags&post=6158"}],"curies":[{"name":"wp","href":"https:\/\/api.w.org\/{rel}","templated":true}]}}