{"id":6161,"date":"2023-11-30T11:25:33","date_gmt":"2023-11-30T14:25:33","guid":{"rendered":"https:\/\/fmtinkunaco.ar\/?p=6161"},"modified":"2023-11-30T11:25:33","modified_gmt":"2023-11-30T14:25:33","slug":"5ta-marcha-del-orgullo-en-el-partido-de-pilar","status":"publish","type":"post","link":"https:\/\/fmtinkunaco.ar\/?p=6161","title":{"rendered":"5ta Marcha del Orgullo en el partido de Pilar"},"content":{"rendered":"\n<p>El pr\u00f3ximo s\u00e1bado 2 de diciembre se realizar\u00e1 en Pilar la 5ta Marcha del Orgullo bajo el lema <strong>\u201cNi un derecho menos, ni un paso atr\u00e1s\u201d.<\/strong><br><br>La jornada comenzar\u00e1 a las 14hs en la Plaza de Villa Morra con un Festival, Feria y Radio abierta y a las 17hs se realizar\u00e1 la marcha hacia la plaza 12 de octubre.<br><br>M\u00f3nica Aguirre, es referente de Libre Diversidad y de la Asamblea Permanente LGBTIQ+, y se refiri\u00f3 a la importancia de realizar esta 5ta marcha en el contexto actual <em>\u201cPara nosotros es muy importante y sobretodo en el contexto pol\u00edtico en el cual estamos viviendo, teniendo en cuenta que est\u00e1 entrando al gobierno un anti derecho, un negacionista de la dictadura militar, y es por eso que nuestra consigna principal es Ni un derecho menos, ni un paso atr\u00e1s y por eso para nosotros es muy fundamental seguir en las calles, organizades, y por eso nosotres decimos que no es un d\u00eda de festejo si no de lucha\u201d.<br><\/em><br>Aguirre, adem\u00e1s, se refiri\u00f3 a la quita de derechos con las que amenaz\u00f3 el presidente electo Javier Milei <em>\u201cViene amenazando con la quita de derechos, el Presidente que nos va a gobernar dijo que nos iba a sacar el Ministerio de Mujeres, G\u00e9neros y Diversidad que para nosotros fue parte de nuestra conquista; poner una instituci\u00f3n que pele\u00e9 contra la violencia pero lamentablemente no tuvo presupuesto y sin presupuesto no pudimos abarcar esas politicas publicas que necesitamos\u201d.<br><br><\/em>La invitaci\u00f3n es a las 14hs en la Plaza de Villa Morra con un marcha posterior a la Plaza 12 de octubre.<br><br>Invitaci\u00f3n realizada en el noticiero Encuentro con las Noticias<\/p>\n\n\n\n<p><a href=\"https:\/\/archive.org\/details\/audio-monica-aguirre-marcha-del-orgullo-en-pilar-02-12\">Descargar<\/a><\/p>\n\n\n<p><iframe loading=\"lazy\" src=\"https:\/\/archive.org\/embed\/audio-monica-aguirre-marcha-del-orgullo-en-pilar-02-12\" width=\"500\" height=\"60\" frameborder=\"0\" webkitallowfullscreen=\"true\" mozallowfullscreen=\"true\" allowfullscreen><\/iframe><\/p>","protected":false},"excerpt":{"rendered":"<p>El pr\u00f3ximo s\u00e1bado 2 de diciembre se realizar\u00e1 en Pilar la 5ta Marcha del Orgullo bajo el lema \u201cNi un derecho menos, ni un paso atr\u00e1s\u201d. La jornada comenzar\u00e1 a las 14hs en la Plaza de Villa Morra con un Festival, Feria y Radio abierta y a las 17hs se realizar\u00e1 la marcha hacia la [&hellip;]<\/p>\n","protected":false},"author":1,"featured_media":6162,"comment_status":"open","ping_status":"open","sticky":false,"template":"","format":"standard","meta":{"footnotes":""},"categories":[6],"tags":[],"class_list":["post-6161","post","type-post","status-publish","format-standard","has-post-thumbnail","hentry","category-genero"],"_links":{"self":[{"href":"https:\/\/fmtinkunaco.ar\/index.php?rest_route=\/wp\/v2\/posts\/6161","targetHints":{"allow":["GET"]}}],"collection":[{"href":"https:\/\/fmtinkunaco.ar\/index.php?rest_route=\/wp\/v2\/posts"}],"about":[{"href":"https:\/\/fmtinkunaco.ar\/index.php?rest_route=\/wp\/v2\/types\/post"}],"author":[{"embeddable":true,"href":"https:\/\/fmtinkunaco.ar\/index.php?rest_route=\/wp\/v2\/users\/1"}],"replies":[{"embeddable":true,"href":"https:\/\/fmtinkunaco.ar\/index.php?rest_route=%2Fwp%2Fv2%2Fcomments&post=6161"}],"version-history":[{"count":1,"href":"https:\/\/fmtinkunaco.ar\/index.php?rest_route=\/wp\/v2\/posts\/6161\/revisions"}],"predecessor-version":[{"id":6163,"href":"https:\/\/fmtinkunaco.ar\/index.php?rest_route=\/wp\/v2\/posts\/6161\/revisions\/6163"}],"wp:featuredmedia":[{"embeddable":true,"href":"https:\/\/fmtinkunaco.ar\/index.php?rest_route=\/wp\/v2\/media\/6162"}],"wp:attachment":[{"href":"https:\/\/fmtinkunaco.ar\/index.php?rest_route=%2Fwp%2Fv2%2Fmedia&parent=6161"}],"wp:term":[{"taxonomy":"category","embeddable":true,"href":"https:\/\/fmtinkunaco.ar\/index.php?rest_route=%2Fwp%2Fv2%2Fcategories&post=6161"},{"taxonomy":"post_tag","embeddable":true,"href":"https:\/\/fmtinkunaco.ar\/index.php?rest_route=%2Fwp%2Fv2%2Ftags&post=6161"}],"curies":[{"name":"wp","href":"https:\/\/api.w.org\/{rel}","templated":true}]}}